{"id":135245,"date":"2019-03-02T10:43:49","date_gmt":"2019-03-02T13:43:49","guid":{"rendered":"https:\/\/diarioregionaldigital.com.br\/?p=135245"},"modified":"2019-03-02T10:43:49","modified_gmt":"2019-03-02T13:43:49","slug":"neste-mes-bolsonaro-ira-aos-estados-unidos-ao-chile-e-a-israel","status":"publish","type":"post","link":"https:\/\/diarioregionaldigital.com.br\/?p=135245","title":{"rendered":"Neste m\u00eas, Bolsonaro ir\u00e1 aos Estados Unidos, ao Chile e a Israel"},"content":{"rendered":"<p>O presidente Jair Bolsonaro\u00a0ter\u00e1 uma agenda intensa internacional em mar\u00e7o. Inicialmente, ele ir\u00e1 para os Estados Unidos, depois para o Chile e Israel. As programa\u00e7\u00f5es est\u00e3o sendo fechadas. Bolsonaro dever\u00e1\u00a0ter\u00a0reuni\u00f5es com os presidentes dos Estados Unidos, Donald Trump, e do Chile, Sebasti\u00e1n Pi\u00f1era, e com o primeiro-ministro de Israel, Benjamin Netanyahu.<\/p>\n<p>O ministro das Rela\u00e7\u00f5es Exteriores, Ernesto Ara\u00fajo, antecipou a agenda do presidente ap\u00f3s reuni\u00e3o com o vice-presidente da Rep\u00fablica, Hamilton Mour\u00e3o, quando conversaram sobre a reuni\u00e3o a comiss\u00e3o Brasil-China. Mour\u00e3o coordena a reuni\u00e3o.<\/p>\n<p>A viagem aos Estados Unidos deve ocorrer entre 18 a\u00a022 de mar\u00e7o, de l\u00e1, o presidente deve seguir para o Chile, onde ficar\u00e1 at\u00e9 o dia 23, e no fim do m\u00eas, ele ir\u00e1 para Israel. Os jornais de Israel noticiam que o Minist\u00e9rio das Rela\u00e7\u00f5es Exteriores informou que a viagem de Bolsonaro ao pa\u00eds deve ocorrer entre\u00a031 de mar\u00e7o a\u00a04 de abril.<\/p>\n<p><strong>Detalhes<\/strong><\/p>\n<p>A visita do presidente aos Estados Unidos ocorre no momento em que lideram um movimento internacional para reconhecimento do autodeclarado presidente da Venezuela, Juan Guaid\u00f3, e da distribui\u00e7\u00e3o de ajuda humanit\u00e1ria para o povo venezuelano.<\/p>\n<p>No Chile, Bolsonaro deve participar do f\u00f3rum Prosur, organizado pelo presidente chileno, que se destina a propor a\u00e7\u00f5es e acordos para promo\u00e7\u00e3o do desenvolvimento na Am\u00e9rica do Sul. Segundo Pi\u00f1era, o f\u00f3rum ser\u00e1 um \u00f3rg\u00e3o &#8220;sem ideologias ou burocracia&#8221;.<\/p>\n<p>A viagem do presidente a Israel \u00e9 uma retribui\u00e7\u00e3o \u00e0 visita, em dezembro, de Netanyahu ao Brasil e ao comparecimento da cerim\u00f4nia de posse. No m\u00eas passado, o primeiro-ministro israelense enviou um grupo de militares para ajudar nos resgates das v\u00edtimas do rompimento da barragem Mina C\u00f3rrego do Feij\u00e3o, em Brumadinho (MG).<\/p>\n<p>Fonte: Ag\u00eancia Brasil<\/p>\n","protected":false},"excerpt":{"rendered":"<p>O presidente Jair Bolsonaro\u00a0ter\u00e1 uma agenda intensa internacional em mar\u00e7o. Inicialmente, ele ir\u00e1 para os Estados Unidos, depois para o Chile e Israel. As programa\u00e7\u00f5es est\u00e3o sendo fechadas. Bolsonaro dever\u00e1\u00a0ter\u00a0reuni\u00f5es com os presidentes dos Estados Unidos, Donald Trump, e do Chile, Sebasti\u00e1n Pi\u00f1era, e com o primeiro-ministro de Israel, Benjamin Netanyahu. O ministro das Rela\u00e7\u00f5es [&hellip;]<\/p>\n","protected":false},"author":96,"featured_media":134157,"comment_status":"closed","ping_status":"closed","sticky":false,"template":"","format":"standard","meta":{"footnotes":""},"categories":[436,254,439],"tags":[],"class_list":["post-135245","post","type-post","status-publish","format-standard","has-post-thumbnail","hentry","category-destaque-da-semana","category-politica","category-ultima-hora"],"_links":{"self":[{"href":"https:\/\/diarioregionaldigital.com.br\/index.php?rest_route=\/wp\/v2\/posts\/135245","targetHints":{"allow":["GET"]}}],"collection":[{"href":"https:\/\/diarioregionaldigital.com.br\/index.php?rest_route=\/wp\/v2\/posts"}],"about":[{"href":"https:\/\/diarioregionaldigital.com.br\/index.php?rest_route=\/wp\/v2\/types\/post"}],"author":[{"embeddable":true,"href":"https:\/\/diarioregionaldigital.com.br\/index.php?rest_route=\/wp\/v2\/users\/96"}],"replies":[{"embeddable":true,"href":"https:\/\/diarioregionaldigital.com.br\/index.php?rest_route=%2Fwp%2Fv2%2Fcomments&post=135245"}],"version-history":[{"count":0,"href":"https:\/\/diarioregionaldigital.com.br\/index.php?rest_route=\/wp\/v2\/posts\/135245\/revisions"}],"wp:featuredmedia":[{"embeddable":true,"href":"https:\/\/diarioregionaldigital.com.br\/index.php?rest_route=\/wp\/v2\/media\/134157"}],"wp:attachment":[{"href":"https:\/\/diarioregionaldigital.com.br\/index.php?rest_route=%2Fwp%2Fv2%2Fmedia&parent=135245"}],"wp:term":[{"taxonomy":"category","embeddable":true,"href":"https:\/\/diarioregionaldigital.com.br\/index.php?rest_route=%2Fwp%2Fv2%2Fcategories&post=135245"},{"taxonomy":"post_tag","embeddable":true,"href":"https:\/\/diarioregionaldigital.com.br\/index.php?rest_route=%2Fwp%2Fv2%2Ftags&post=135245"}],"curies":[{"name":"wp","href":"https:\/\/api.w.org\/{rel}","templated":true}]}}