{"id":135234,"date":"2019-03-02T09:46:20","date_gmt":"2019-03-02T12:46:20","guid":{"rendered":"https:\/\/diarioregionaldigital.com.br\/?p=135234"},"modified":"2019-03-02T09:46:20","modified_gmt":"2019-03-02T12:46:20","slug":"ipem-reforca-cuidados-com-produtos-tipicos-do-carnaval","status":"publish","type":"post","link":"https:\/\/diarioregionaldigital.com.br\/?p=135234","title":{"rendered":"Ipem refor\u00e7a cuidados com produtos t\u00edpicos do Carnaval"},"content":{"rendered":"<p>No Carnaval \u00e9 preciso ficar atento ao adquirir produtos t\u00edpicos dessa \u00e9poca do ano para que a divers\u00e3o n\u00e3o se transforme em dor de cabe\u00e7a. \u201cS\u00e3o tantas op\u00e7\u00f5es de artigos a cada ano, com suas cores e brilhos que, muitas vezes, o perigo acaba sendo camuflado\u201d, alerta o agente fiscal do\u00a0<a href=\"http:\/\/www.ipem.mg.gov.br\/\" target=\"_blank\" rel=\"noopener\">Instituto de Metrologia e Qualidade do Estado de Minas Gerais (Ipem)<\/a>, Leonardo Dias. Por isso, o Ipem orienta que a compra destes produtos seja feita apenas no mercado\u00a0formal, para evitar produtos falsificados ou com informa\u00e7\u00f5es incorretas.<\/p>\n<p>Veja, abaixo, algumas orienta\u00e7\u00f5es importantes para aproveitar a folia com seguran\u00e7a.<\/p>\n<p><strong>Fantasias<\/strong><\/p>\n<p>As fantasias, assim como qualquer tipo de vestu\u00e1rio, devem apresentar obrigatoriamente a etiqueta de composi\u00e7\u00e3o do produto, que devem trazer informa\u00e7\u00f5es sobre raz\u00e3o social ou nome da marca registrada do fabricante, CNPJ, pa\u00eds de origem, nome e percentual das fibras e filamentos que comp\u00f5em o tecido, al\u00e9m de indica\u00e7\u00f5es do tamanho, dimens\u00e3o e conserva\u00e7\u00e3o do item. Todas essas informa\u00e7\u00f5es em produtos t\u00eaxteis contribuem para evitar alergias e, consequentemente, riscos \u00e0 sa\u00fade.<\/p>\n<p>Tamb\u00e9m \u00e9 importante que os pais n\u00e3o utilizem adere\u00e7os de adultos nas crian\u00e7as. A fantasia de adulto pode conter subst\u00e2ncias impr\u00f3prias para os menores.<\/p>\n<p><strong>M\u00e1scaras e brinquedos<\/strong><\/p>\n<p>Quanto \u00e0s m\u00e1scaras e brinquedos, eles s\u00f3 devem ser utilizados se apresentarem o selo do Inmetro e dentro da faixa et\u00e1ria recomendada, uma vez que podem causar asfixia, conter partes pequenas a serem engolidas ou terem sido confeccionados com algum tipo de material t\u00f3xico.<\/p>\n<p><strong>Confetes e serpentinas<\/strong><\/p>\n<p>Nunca adquira serpentinas e confetes metalizados, pois podem causar curtos na rede el\u00e9trica e levar a morte.<\/p>\n<p><strong>Spray de espuma<\/strong><\/p>\n<p>As espumas artificiais n\u00e3o s\u00e3o regulamentadas pelo Inmetro. Caso haja contato com os olhos ou pele e consequente rea\u00e7\u00e3o al\u00e9rgica, a recomenda\u00e7\u00e3o \u00e9 lavar com bastante \u00e1gua corrente a parte do corpo contaminada com o spray. Se os sintomas persistirem, o m\u00e9dico deve ser consultado.<\/p>\n<p><strong>Preservativos<\/strong><\/p>\n<p>Conhecidos popularmente como camisinhas, tanto os preservativos comercializados quanto os distribu\u00eddos gratuitamente devem apresentar na embalagem o selo do Inmetro e do Organismo de Certifica\u00e7\u00e3o de Produtos (OCP). Al\u00e9m do selo, \u00e9 importante conferir se o produto n\u00e3o est\u00e1 com a data de validade vencida, embalagem comprometida, e se traz informa\u00e7\u00f5es do modo de uso.<\/p>\n<p><strong>\u00c1gua mineral<\/strong><\/p>\n<p>O Inmetro, em 2014, estabeleceu uma certifica\u00e7\u00e3o volunt\u00e1ria para \u00e1gua mineral natural envasada, comercializada em embalagens descart\u00e1veis (exceto garraf\u00f5es) e de vidro retorn\u00e1veis. Ao comprar \u00e1gua mineral na rua, verifique se o lacre da tampa n\u00e3o foi violado ou se apresenta marcas de reutiliza\u00e7\u00e3o.<\/p>\n<p><strong>Ouvidoria<\/strong><\/p>\n<p>Caso a popula\u00e7\u00e3o desconfie ou encontre irregularidades em algum produto, a orienta\u00e7\u00e3o \u00e9 que ele n\u00e3o o adquira e registre o fato \u00e0 Ouvidoria do Ipem. O relato pode ser feito pelo fale conosco, pelo endere\u00e7o eletr\u00f4nico\u00a0<a href=\"mailto:ouvidoria@ipem.mg.gov.br\">ouvidoria@ipem.mg.gov.br<\/a>\u00a0ou no telefone 08000-335-335.<\/p>\n<p>Fonte: Ag\u00eancia Minas<\/p>\n","protected":false},"excerpt":{"rendered":"<p>No Carnaval \u00e9 preciso ficar atento ao adquirir produtos t\u00edpicos dessa \u00e9poca do ano para que a divers\u00e3o n\u00e3o se transforme em dor de cabe\u00e7a. \u201cS\u00e3o tantas op\u00e7\u00f5es de artigos a cada ano, com suas cores e brilhos que, muitas vezes, o perigo acaba sendo camuflado\u201d, alerta o agente fiscal do\u00a0Instituto de Metrologia e Qualidade [&hellip;]<\/p>\n","protected":false},"author":96,"featured_media":135236,"comment_status":"closed","ping_status":"closed","sticky":false,"template":"","format":"standard","meta":{"footnotes":""},"categories":[302,436,439],"tags":[],"class_list":["post-135234","post","type-post","status-publish","format-standard","has-post-thumbnail","hentry","category-brasil-mundo","category-destaque-da-semana","category-ultima-hora"],"_links":{"self":[{"href":"https:\/\/diarioregionaldigital.com.br\/index.php?rest_route=\/wp\/v2\/posts\/135234","targetHints":{"allow":["GET"]}}],"collection":[{"href":"https:\/\/diarioregionaldigital.com.br\/index.php?rest_route=\/wp\/v2\/posts"}],"about":[{"href":"https:\/\/diarioregionaldigital.com.br\/index.php?rest_route=\/wp\/v2\/types\/post"}],"author":[{"embeddable":true,"href":"https:\/\/diarioregionaldigital.com.br\/index.php?rest_route=\/wp\/v2\/users\/96"}],"replies":[{"embeddable":true,"href":"https:\/\/diarioregionaldigital.com.br\/index.php?rest_route=%2Fwp%2Fv2%2Fcomments&post=135234"}],"version-history":[{"count":0,"href":"https:\/\/diarioregionaldigital.com.br\/index.php?rest_route=\/wp\/v2\/posts\/135234\/revisions"}],"wp:featuredmedia":[{"embeddable":true,"href":"https:\/\/diarioregionaldigital.com.br\/index.php?rest_route=\/wp\/v2\/media\/135236"}],"wp:attachment":[{"href":"https:\/\/diarioregionaldigital.com.br\/index.php?rest_route=%2Fwp%2Fv2%2Fmedia&parent=135234"}],"wp:term":[{"taxonomy":"category","embeddable":true,"href":"https:\/\/diarioregionaldigital.com.br\/index.php?rest_route=%2Fwp%2Fv2%2Fcategories&post=135234"},{"taxonomy":"post_tag","embeddable":true,"href":"https:\/\/diarioregionaldigital.com.br\/index.php?rest_route=%2Fwp%2Fv2%2Ftags&post=135234"}],"curies":[{"name":"wp","href":"https:\/\/api.w.org\/{rel}","templated":true}]}}