{"id":135228,"date":"2019-03-02T08:19:07","date_gmt":"2019-03-02T11:19:07","guid":{"rendered":"https:\/\/diarioregionaldigital.com.br\/?p=135228"},"modified":"2019-03-02T09:18:44","modified_gmt":"2019-03-02T12:18:44","slug":"mega-sena-sorteia-hoje-premio-acumulado-de-r73-milhoes","status":"publish","type":"post","link":"https:\/\/diarioregionaldigital.com.br\/?p=135228","title":{"rendered":"Mega-Sena sorteia hoje pr\u00eamio acumulado de R$73 milh\u00f5es"},"content":{"rendered":"<p>O concurso 2130 da Mega-Sena vai sortear neste s\u00e1bado, 2, o pr\u00eamio acumulado de R$ 73 milh\u00f5es . O sorteio ser\u00e1 realizado, a partir das 20h (hor\u00e1rio de Bras\u00edlia), no Caminh\u00e3o da Sorte, que est\u00e1 estacionado na Avenida Manoel Roque, na cidade de Videira, em Santa Catarina.<\/p>\n<p>Este \u00e9 o terceiro concurso da Mega Semana de Carnaval. J\u00e1 foram realizados sorteios na ter\u00e7a, 26, e quinta-feira, 28.<\/p>\n<p>De acordo com a Caixa, o valor do pr\u00eamio principal, caso investido na poupan\u00e7a, poderia render mais de R$ 271 mil por m\u00eas.<\/p>\n<p>As apostas podem ser feitas at\u00e9 as 19h (hor\u00e1rio de Bras\u00edlia), em qualquer loja lot\u00e9rica credenciada pela Caixa em todo o pa\u00eds. A aposta simples, com seis dezenas, custa R$ 3,50.<\/p>\n<p>Fonte: Ag\u00eancia Brasil<\/p>\n","protected":false},"excerpt":{"rendered":"<p>O concurso 2130 da Mega-Sena vai sortear neste s\u00e1bado, 2, o pr\u00eamio acumulado de R$ 73 milh\u00f5es . O sorteio ser\u00e1 realizado, a partir das 20h (hor\u00e1rio de Bras\u00edlia), no Caminh\u00e3o da Sorte, que est\u00e1 estacionado na Avenida Manoel Roque, na cidade de Videira, em Santa Catarina. Este \u00e9 o terceiro concurso da Mega Semana [&hellip;]<\/p>\n","protected":false},"author":96,"featured_media":131602,"comment_status":"closed","ping_status":"closed","sticky":false,"template":"","format":"standard","meta":{"footnotes":""},"categories":[436,261,439],"tags":[],"class_list":["post-135228","post","type-post","status-publish","format-standard","has-post-thumbnail","hentry","category-destaque-da-semana","category-economia","category-ultima-hora"],"_links":{"self":[{"href":"https:\/\/diarioregionaldigital.com.br\/index.php?rest_route=\/wp\/v2\/posts\/135228","targetHints":{"allow":["GET"]}}],"collection":[{"href":"https:\/\/diarioregionaldigital.com.br\/index.php?rest_route=\/wp\/v2\/posts"}],"about":[{"href":"https:\/\/diarioregionaldigital.com.br\/index.php?rest_route=\/wp\/v2\/types\/post"}],"author":[{"embeddable":true,"href":"https:\/\/diarioregionaldigital.com.br\/index.php?rest_route=\/wp\/v2\/users\/96"}],"replies":[{"embeddable":true,"href":"https:\/\/diarioregionaldigital.com.br\/index.php?rest_route=%2Fwp%2Fv2%2Fcomments&post=135228"}],"version-history":[{"count":0,"href":"https:\/\/diarioregionaldigital.com.br\/index.php?rest_route=\/wp\/v2\/posts\/135228\/revisions"}],"wp:featuredmedia":[{"embeddable":true,"href":"https:\/\/diarioregionaldigital.com.br\/index.php?rest_route=\/wp\/v2\/media\/131602"}],"wp:attachment":[{"href":"https:\/\/diarioregionaldigital.com.br\/index.php?rest_route=%2Fwp%2Fv2%2Fmedia&parent=135228"}],"wp:term":[{"taxonomy":"category","embeddable":true,"href":"https:\/\/diarioregionaldigital.com.br\/index.php?rest_route=%2Fwp%2Fv2%2Fcategories&post=135228"},{"taxonomy":"post_tag","embeddable":true,"href":"https:\/\/diarioregionaldigital.com.br\/index.php?rest_route=%2Fwp%2Fv2%2Ftags&post=135228"}],"curies":[{"name":"wp","href":"https:\/\/api.w.org\/{rel}","templated":true}]}}