{"id":135224,"date":"2019-03-02T07:39:00","date_gmt":"2019-03-02T10:39:00","guid":{"rendered":"https:\/\/diarioregionaldigital.com.br\/?p=135224"},"modified":"2019-03-02T07:39:00","modified_gmt":"2019-03-02T10:39:00","slug":"principais-aeroportos-receberao-68-milhoes-de-passageiros-no-carnaval","status":"publish","type":"post","link":"https:\/\/diarioregionaldigital.com.br\/?p=135224","title":{"rendered":"Principais aeroportos receber\u00e3o 6,8 milh\u00f5es de passageiros no carnaval"},"content":{"rendered":"<p>Os aeroportos de Guarulhos (SP), Congonhas (SP), Gale\u00e3o (RJ), Santos Dumont (RJ), Recife (PE) e Salvador (BA) devem movimentar 6,8 milh\u00f5es de passageiros por causa do feriado de carnaval. S\u00e3o esperados 41,7 mil pousos e decolagens entre voos dom\u00e9sticos e internacionais.<\/p>\n<p>O dia de maior movimento para voos nacionais dever\u00e1 ser esta sexta-feira, 1\u00ba, com 565 mil passageiros em circula\u00e7\u00e3o. Na quarta-feira de Cinzas, 6, s\u00e3o esperados cerca de 551 mil passageiros retornando do feriado. No caso dos voos para o exterior, os aeroportos do Gale\u00e3o, Guarulhos, Recife e Salvador devem receber 83,1 mil e 82,3 mil passageiros, respectivamente nos dias 2 e 9 de mar\u00e7o.<\/p>\n<p>As estimativas s\u00e3o da Secretaria Nacional de Avia\u00e7\u00e3o Civil do Minist\u00e9rio da Infraestrutura, e contabilizam os prov\u00e1veis embarques em voos dom\u00e9sticos e internacionais entre os dias 25 de fevereiro a 9 de mar\u00e7o &#8211; per\u00edodo da Opera\u00e7\u00e3o Carnaval nos terminais aeroportu\u00e1rios. Entre esses dias, a taxa de ocupa\u00e7\u00e3o m\u00e9dia dos assentos ofertados pelas companhias a\u00e9reas dever\u00e1 ser de 85%.<\/p>\n<p>Em nota, o Minist\u00e9rio da Infraestrutura informou que haver\u00e1 refor\u00e7o de profissionais nos seis aeroportos das equipes da Ag\u00eancia Nacional de Avia\u00e7\u00e3o Civil (Anac) e do Departamento de Controle do Espa\u00e7o A\u00e9reo (Decea); e as companhias a\u00e9reas tamb\u00e9m dever\u00e3o aumentar as equipes para check-in e despacho de bagagem.<\/p>\n<p>Para evitar dificuldades de embarque, a orienta\u00e7\u00e3o da Anac \u00e9 de que o passageiro chegue com uma hora e 30 minutos de anteced\u00eancia para voos dom\u00e9sticos e duas horas e 30 minutos para voos internacionais.\u00a0<a href=\"http:\/\/www.anac.gov.br\/fale-com-a-anac\/copy_of_fale-com-a-anac\">A Anac mant\u00e9m em seu site\u00a0<\/a>servi\u00e7os de ouvidora para atendimento a passageiros, inclusive para reclama\u00e7\u00f5es quanto ao atendimento das companhias a\u00e9reas.<\/p>\n<h2>Rodovias<\/h2>\n<p>A Pol\u00edcia Rodovi\u00e1ria Federal (PRF) iniciou desde a zero hora de nessa sexta-feira, 1\u00ba, a Opera\u00e7\u00e3o Carnaval 2019 em todos os estados da federa\u00e7\u00e3o. Ser\u00e3o intensificadas a\u00e7\u00f5es em pontos que registraram maior incid\u00eancia de acidentes, como ocorre especialmente nas estradas da Bahia, Minas Gerais, Paran\u00e1, e Santa Catarina.<\/p>\n<p>A PRF utilizar\u00e1 em diversos trechos radares port\u00e1teis para controle de velocidade e o aparelho que mede o teor alco\u00f3lico no organismo do motorista (etil\u00f4metro).<\/p>\n<p>De acordo com da PRF, tamb\u00e9m ser\u00e3o tomadas medidas para \u201cdiminuir o fluxo dos ve\u00edculos de carga e oferecer refor\u00e7o concentrado no policiamento preventivo em locais e hor\u00e1rios de maior incid\u00eancia de acidentes graves e de criminalidade\u201d.<\/p>\n<p>A Pol\u00edcia Rodovi\u00e1ria Federal n\u00e3o faz estimativa do fluxo de ve\u00edculos e de outras ocorr\u00eancias durante o carnaval. No ano passado, foram registrados 1.495 acidentes durante o carnaval, desses, 290 foram considerados graves e 103 pessoas morreram.<\/p>\n<p>Em 2018, foram fiscalizados mais de 176 mil ve\u00edculos e realizados 55,4 mil testes de etil\u00f4metro. Por causa do consumo de \u00e1lcool, 1.610 pessoas foram multadas e 172, presas. Tamb\u00e9m houve mais de 10 mil registros de ultrapassagens indevidas e 4,5 mil autua\u00e7\u00f5es pela falta de uso do cinto de seguran\u00e7a. As opera\u00e7\u00f5es apreenderam mais de 1,1 tonelada de maconha e quase 90 quilos de coca\u00edna.<\/p>\n<p><a href=\"https:\/\/www.prf.gov.br\/portal\/policiamento-e-fiscalizacao\/orientacoes-de-viagem\/orientacoes-de-viagem-1\">A PRF mant\u00e9m na internet uma p\u00e1gina de orienta\u00e7\u00e3o de viagens<\/a>\u00a0e disponibiliza o telefone 191 para emerg\u00eancias. Tamb\u00e9m na internet, o\u00a0<a href=\"http:\/\/servicos.dnit.gov.br\/condicoes\/\">Departamento Nacional de Infraestrutura de Transporte (Dnit) publica as condi\u00e7\u00f5es das rodovias<\/a>\u00a0em diversos pontos do pa\u00eds.<\/p>\n<p>Em uma das principais rodovias do Brasil, a Via Dutra, que liga as cidades do Rio de Janeiro e S\u00e3o Paulo, a concession\u00e1ria CCR recomenda aos motoristas que evitem trafegar na ter\u00e7a-feira, 5, das 16h \u00e0s 20h, e na quarta-feira, 6, das 7h \u00e0s 13h, por causa do aumento de volume de ve\u00edculos na estrada.<\/p>\n<p>Fonte: Ag\u00eancia Brasil<\/p>\n","protected":false},"excerpt":{"rendered":"<p>Os aeroportos de Guarulhos (SP), Congonhas (SP), Gale\u00e3o (RJ), Santos Dumont (RJ), Recife (PE) e Salvador (BA) devem movimentar 6,8 milh\u00f5es de passageiros por causa do feriado de carnaval. S\u00e3o esperados 41,7 mil pousos e decolagens entre voos dom\u00e9sticos e internacionais. O dia de maior movimento para voos nacionais dever\u00e1 ser esta sexta-feira, 1\u00ba, com [&hellip;]<\/p>\n","protected":false},"author":96,"featured_media":135225,"comment_status":"closed","ping_status":"closed","sticky":false,"template":"","format":"standard","meta":{"footnotes":""},"categories":[302,436,439],"tags":[],"class_list":["post-135224","post","type-post","status-publish","format-standard","has-post-thumbnail","hentry","category-brasil-mundo","category-destaque-da-semana","category-ultima-hora"],"_links":{"self":[{"href":"https:\/\/diarioregionaldigital.com.br\/index.php?rest_route=\/wp\/v2\/posts\/135224","targetHints":{"allow":["GET"]}}],"collection":[{"href":"https:\/\/diarioregionaldigital.com.br\/index.php?rest_route=\/wp\/v2\/posts"}],"about":[{"href":"https:\/\/diarioregionaldigital.com.br\/index.php?rest_route=\/wp\/v2\/types\/post"}],"author":[{"embeddable":true,"href":"https:\/\/diarioregionaldigital.com.br\/index.php?rest_route=\/wp\/v2\/users\/96"}],"replies":[{"embeddable":true,"href":"https:\/\/diarioregionaldigital.com.br\/index.php?rest_route=%2Fwp%2Fv2%2Fcomments&post=135224"}],"version-history":[{"count":0,"href":"https:\/\/diarioregionaldigital.com.br\/index.php?rest_route=\/wp\/v2\/posts\/135224\/revisions"}],"wp:featuredmedia":[{"embeddable":true,"href":"https:\/\/diarioregionaldigital.com.br\/index.php?rest_route=\/wp\/v2\/media\/135225"}],"wp:attachment":[{"href":"https:\/\/diarioregionaldigital.com.br\/index.php?rest_route=%2Fwp%2Fv2%2Fmedia&parent=135224"}],"wp:term":[{"taxonomy":"category","embeddable":true,"href":"https:\/\/diarioregionaldigital.com.br\/index.php?rest_route=%2Fwp%2Fv2%2Fcategories&post=135224"},{"taxonomy":"post_tag","embeddable":true,"href":"https:\/\/diarioregionaldigital.com.br\/index.php?rest_route=%2Fwp%2Fv2%2Ftags&post=135224"}],"curies":[{"name":"wp","href":"https:\/\/api.w.org\/{rel}","templated":true}]}}