{"id":135220,"date":"2019-03-02T07:32:15","date_gmt":"2019-03-02T10:32:15","guid":{"rendered":"https:\/\/diarioregionaldigital.com.br\/?p=135220"},"modified":"2019-03-02T07:32:15","modified_gmt":"2019-03-02T10:32:15","slug":"publicada-prorrogacao-de-credito-a-produtores-rurais-de-brumadinho","status":"publish","type":"post","link":"https:\/\/diarioregionaldigital.com.br\/?p=135220","title":{"rendered":"Publicada prorroga\u00e7\u00e3o de cr\u00e9dito a produtores rurais de Brumadinho"},"content":{"rendered":"<p>O\u00a0<a href=\"http:\/\/www.in.gov.br\/materia\/-\/asset_publisher\/Kujrw0TZC2Mb\/content\/id\/65635867\" target=\"_blank\" rel=\"noopener\"><em>Di\u00e1rio Oficial da Uni\u00e3o<\/em><\/a>\u00a0trouxe na sexta-feira, 1\u00ba, a resolu\u00e7\u00e3o do\u00a0<a href=\"http:\/\/www.fazenda.gov.br\/assuntos\/cmn\" target=\"_blank\" rel=\"noopener\">Conselho Monet\u00e1rio Nacional (CMN)<\/a>\u00a0que prorroga opera\u00e7\u00f5es de cr\u00e9dito para produtores rurais de Brumadinho, em Minas Gerais.<\/p>\n<p>De acordo com a resolu\u00e7\u00e3o, os produtores rurais e os agricultores familiares de regi\u00f5es atingidas pelo\u00a0rompimento da barragem\u00a0da mineradora Vale em Brumadinho, na regi\u00e3o metropolitana de Belo Horizonte, ficar\u00e3o seis meses sem pagar parcelas do cr\u00e9dito rural. O Conselho Monet\u00e1rio Nacional (CMN)\u00a0aprovou na \u00faltima quarta-feira, 27, a prorroga\u00e7\u00e3o do vencimento das opera\u00e7\u00f5es para o in\u00edcio de julho.<\/p>\n<p>Com a medida, as parcelas que vencem entre janeiro e julho poder\u00e3o ser pagas at\u00e9 1\u00ba de julho. Segundo o Minist\u00e9rio da Economia, o adiamento tem como objetivo evitar a inadimpl\u00eancia dos produtores afetados pela trag\u00e9dia de Brumadinho.<\/p>\n<p>Ter\u00e3o direito \u00e0 prorroga\u00e7\u00e3o somente os produtores que conseguirem comprovar, por meio de laudos de entidades oficiais, preju\u00edzos com o rompimento da Barragem 1 da Mina C\u00f3rrego do Feij\u00e3o. De acordo com o Minist\u00e9rio da Economia, a medida beneficiar\u00e1 2.750 opera\u00e7\u00f5es de cr\u00e9dito, das quais cerca de 60% foram feitas por agricultores familiares.<\/p>\n<p>O adiamento abrange parcelas que vencem entre 25 de janeiro, dia do rompimento da barragem, e 30 de junho deste ano.<\/p>\n<p>Fonte: Ag\u00eancia Brasil<\/p>\n","protected":false},"excerpt":{"rendered":"<p>O\u00a0Di\u00e1rio Oficial da Uni\u00e3o\u00a0trouxe na sexta-feira, 1\u00ba, a resolu\u00e7\u00e3o do\u00a0Conselho Monet\u00e1rio Nacional (CMN)\u00a0que prorroga opera\u00e7\u00f5es de cr\u00e9dito para produtores rurais de Brumadinho, em Minas Gerais. De acordo com a resolu\u00e7\u00e3o, os produtores rurais e os agricultores familiares de regi\u00f5es atingidas pelo\u00a0rompimento da barragem\u00a0da mineradora Vale em Brumadinho, na regi\u00e3o metropolitana de Belo Horizonte, ficar\u00e3o seis [&hellip;]<\/p>\n","protected":false},"author":96,"featured_media":135222,"comment_status":"closed","ping_status":"closed","sticky":false,"template":"","format":"standard","meta":{"footnotes":""},"categories":[436,252,439],"tags":[],"class_list":["post-135220","post","type-post","status-publish","format-standard","has-post-thumbnail","hentry","category-destaque-da-semana","category-regiao","category-ultima-hora"],"_links":{"self":[{"href":"https:\/\/diarioregionaldigital.com.br\/index.php?rest_route=\/wp\/v2\/posts\/135220","targetHints":{"allow":["GET"]}}],"collection":[{"href":"https:\/\/diarioregionaldigital.com.br\/index.php?rest_route=\/wp\/v2\/posts"}],"about":[{"href":"https:\/\/diarioregionaldigital.com.br\/index.php?rest_route=\/wp\/v2\/types\/post"}],"author":[{"embeddable":true,"href":"https:\/\/diarioregionaldigital.com.br\/index.php?rest_route=\/wp\/v2\/users\/96"}],"replies":[{"embeddable":true,"href":"https:\/\/diarioregionaldigital.com.br\/index.php?rest_route=%2Fwp%2Fv2%2Fcomments&post=135220"}],"version-history":[{"count":0,"href":"https:\/\/diarioregionaldigital.com.br\/index.php?rest_route=\/wp\/v2\/posts\/135220\/revisions"}],"wp:featuredmedia":[{"embeddable":true,"href":"https:\/\/diarioregionaldigital.com.br\/index.php?rest_route=\/wp\/v2\/media\/135222"}],"wp:attachment":[{"href":"https:\/\/diarioregionaldigital.com.br\/index.php?rest_route=%2Fwp%2Fv2%2Fmedia&parent=135220"}],"wp:term":[{"taxonomy":"category","embeddable":true,"href":"https:\/\/diarioregionaldigital.com.br\/index.php?rest_route=%2Fwp%2Fv2%2Fcategories&post=135220"},{"taxonomy":"post_tag","embeddable":true,"href":"https:\/\/diarioregionaldigital.com.br\/index.php?rest_route=%2Fwp%2Fv2%2Ftags&post=135220"}],"curies":[{"name":"wp","href":"https:\/\/api.w.org\/{rel}","templated":true}]}}