{"id":135218,"date":"2019-03-02T07:25:32","date_gmt":"2019-03-02T10:25:32","guid":{"rendered":"https:\/\/diarioregionaldigital.com.br\/?p=135218"},"modified":"2019-03-02T07:25:32","modified_gmt":"2019-03-02T10:25:32","slug":"ans-suspende-comercializacao-de-46-planos-de-saude","status":"publish","type":"post","link":"https:\/\/diarioregionaldigital.com.br\/?p=135218","title":{"rendered":"ANS suspende comercializa\u00e7\u00e3o de 46 planos de sa\u00fade"},"content":{"rendered":"<p>A Ag\u00eancia Nacional de Sa\u00fade Suplementar (ANS) suspendeu nessa sexta-feira, 1\u00ba, a\u00a0<a href=\"http:\/\/www.ans.gov.br\/planos-de-saude-e-operadoras\/contratacao-e-troca-de-plano\/planos-de-saude-com-comercializacao-suspensa\/operadoras-com-planos-suspensos\" target=\"_blank\" rel=\"noopener\">comercializa\u00e7\u00e3o de 46 planos de sa\u00fade<\/a>. A medida, que tem car\u00e1ter tempor\u00e1rio, passa a valer a partir de\u00a0<span id=\"OBJ_PREFIX_DWT2596_com_zimbra_date\" role=\"link\">11 de mar<\/span>\u00e7o. Juntos, os planos atendem a quase 570 mil pessoas.<\/p>\n<p>A decis\u00e3o foi tomada a partir de resultados trimestrais do Programa de Monitoramento da Garantia de Atendimento, respons\u00e1vel pelo acompanhamento de desempenho do setor para prote\u00e7\u00e3o de benefici\u00e1rios. De acordo com a ag\u00eancia, foram registradas diversas reclama\u00e7\u00f5es sobre cobertura, prazo e rede de atendimento dos planos operados por 13 empresas.<\/p>\n<p>O objetivo da ag\u00eancia reguladora \u00e9 garantir a assist\u00eancia dos atuais benefici\u00e1rios desses servi\u00e7os. Os planos suspensos s\u00f3 poder\u00e3o voltar a ser comercializados quando as operadoras corrigirem falhas e comprovarem as melhorias.<\/p>\n<p>&#8220;\u00c9 uma medida que amplia a prote\u00e7\u00e3o ao benefici\u00e1rio da operadora, j\u00e1 que n\u00e3o haver\u00e1 ingresso de mais contratantes, ao passo que impede que novos consumidores contratem um plano que demande ajustes por parte da empresa&#8221;, afirmou o diretor de Normas e Habilita\u00e7\u00e3o dos Produtos, Rog\u00e9rio Scarabel.<\/p>\n<p>Paralelamente, a ANS liberou a comercializa\u00e7\u00e3o de\u00a0<a href=\"http:\/\/www.ans.gov.br\/planos-de-saude-e-operadoras\/contratacao-e-troca-de-plano\/planos-de-saude-com-comercializacao-suspensa\/operadoras-liberadas-parcialmente-para-comercializacao\" target=\"_blank\" rel=\"noopener\">sete planos de sa\u00fade de duas operadoras<\/a>\u00a0que estavam suspensas em decis\u00f5es anteriores. A data de retomada das vendas desses servi\u00e7os tamb\u00e9m foi marcada para o pr\u00f3ximo dia 11.<\/p>\n<p>Fonte: Di\u00e1rio Regional<\/p>\n","protected":false},"excerpt":{"rendered":"<p>A Ag\u00eancia Nacional de Sa\u00fade Suplementar (ANS) suspendeu nessa sexta-feira, 1\u00ba, a\u00a0comercializa\u00e7\u00e3o de 46 planos de sa\u00fade. A medida, que tem car\u00e1ter tempor\u00e1rio, passa a valer a partir de\u00a011 de mar\u00e7o. Juntos, os planos atendem a quase 570 mil pessoas. A decis\u00e3o foi tomada a partir de resultados trimestrais do Programa de Monitoramento da Garantia [&hellip;]<\/p>\n","protected":false},"author":96,"featured_media":134590,"comment_status":"closed","ping_status":"closed","sticky":false,"template":"","format":"standard","meta":{"footnotes":""},"categories":[302,436,439],"tags":[],"class_list":["post-135218","post","type-post","status-publish","format-standard","has-post-thumbnail","hentry","category-brasil-mundo","category-destaque-da-semana","category-ultima-hora"],"_links":{"self":[{"href":"https:\/\/diarioregionaldigital.com.br\/index.php?rest_route=\/wp\/v2\/posts\/135218","targetHints":{"allow":["GET"]}}],"collection":[{"href":"https:\/\/diarioregionaldigital.com.br\/index.php?rest_route=\/wp\/v2\/posts"}],"about":[{"href":"https:\/\/diarioregionaldigital.com.br\/index.php?rest_route=\/wp\/v2\/types\/post"}],"author":[{"embeddable":true,"href":"https:\/\/diarioregionaldigital.com.br\/index.php?rest_route=\/wp\/v2\/users\/96"}],"replies":[{"embeddable":true,"href":"https:\/\/diarioregionaldigital.com.br\/index.php?rest_route=%2Fwp%2Fv2%2Fcomments&post=135218"}],"version-history":[{"count":0,"href":"https:\/\/diarioregionaldigital.com.br\/index.php?rest_route=\/wp\/v2\/posts\/135218\/revisions"}],"wp:featuredmedia":[{"embeddable":true,"href":"https:\/\/diarioregionaldigital.com.br\/index.php?rest_route=\/wp\/v2\/media\/134590"}],"wp:attachment":[{"href":"https:\/\/diarioregionaldigital.com.br\/index.php?rest_route=%2Fwp%2Fv2%2Fmedia&parent=135218"}],"wp:term":[{"taxonomy":"category","embeddable":true,"href":"https:\/\/diarioregionaldigital.com.br\/index.php?rest_route=%2Fwp%2Fv2%2Fcategories&post=135218"},{"taxonomy":"post_tag","embeddable":true,"href":"https:\/\/diarioregionaldigital.com.br\/index.php?rest_route=%2Fwp%2Fv2%2Ftags&post=135218"}],"curies":[{"name":"wp","href":"https:\/\/api.w.org\/{rel}","templated":true}]}}