{"id":135183,"date":"2019-03-01T15:26:15","date_gmt":"2019-03-01T18:26:15","guid":{"rendered":"https:\/\/diarioregionaldigital.com.br\/?p=135183"},"modified":"2019-03-01T15:26:15","modified_gmt":"2019-03-01T18:26:15","slug":"settra-altera-transito-para-desfile-da-banda-daki","status":"publish","type":"post","link":"https:\/\/diarioregionaldigital.com.br\/?p=135183","title":{"rendered":"Settra altera tr\u00e2nsito para desfile da \u201cBanda Daki\u201d"},"content":{"rendered":"<p>Em fun\u00e7\u00e3o do desfile da \u201cBanda Daki\u201d, neste s\u00e1bado, 2, a Secretaria de Transporte e Tr\u00e2nsito (Settra) da Prefeitura de Juiz de Fora (PJF) realizar\u00e1 as seguintes altera\u00e7\u00f5es no tr\u00e2nsito: a partir das 5 horas: invers\u00e3o de m\u00e3o de dire\u00e7\u00e3o na Rua Rei Alberto, entre Avenida Bar\u00e3o do Rio Branco e Rua Santo Ant\u00f4nio; proibido estacionar nas ruas Jarbas de Lery Santos, Roberto de Barros e Avenida dos Andradas, entre as ruas Silva Jardim e Benjamin Constant.<\/p>\n<p><b>Interdi\u00e7\u00e3o total<\/b><\/p>\n<p>&#8211; Entre 6 e 16 horas: Avenida dos Andradas, entre as ruas Silva Jardim e Benjamin Constant; e Rua Silva Jardim, entre as avenidas Bar\u00e3o do Rio Branco e dos Andradas.<\/p>\n<p>&#8211; A partir das 12 horas: Avenida Bar\u00e3o do Rio Branco (pista central), entre Rua Bar\u00e3o de Cataguases e Avenida Doutor Jos\u00e9 Proc\u00f3pio Teixeira; Rua Silva Jardim, entre as avenidas Bar\u00e3o do Rio Branco e dos Andradas; Bar\u00e3o do Rio Branco (pista lateral \u2013 sentido bairros Manoel Hon\u00f3rio\/Bom Pastor), entre as ruas Bar\u00e3o de Cataguases e Esp\u00edrito Santo; Avenida Bar\u00e3o do Rio Branco (pista lateral \u2013 sentido Bom Pastor\/Manoel Hon\u00f3rio), entre as ruas Esp\u00edrito Santo e Silva Jardim.<\/p>\n<p>&#8211; A partir das 13 horas: Rua Santa Rita, entre Batista de Oliveira e Avenida Bar\u00e3o do Rio Branco; Rua Floriano Peixoto, entre Santo Ant\u00f4nio e Avenida Get\u00falio Vargas; Rua Esp\u00edrito Santo, entre Santo Ant\u00f4nio e Avenida Bar\u00e3o do Rio Branco; Rua Benjamin Constant, entre Jarbas de Lery Santos e Avenida Bar\u00e3o do Rio Branco; Avenida Get\u00falio Vargas, entre Bar\u00e3o do Rio Branco e Rua Jarbas de Lery Santos; e Rua Braz Bernardino.<\/p>\n<p><b>Circula\u00e7\u00e3o (entre 12 e 16 horas)<\/b><\/p>\n<p>Os ve\u00edculos provenientes da Avenida dos Andradas que se destinam ao Centro e\/ou Bairro Bom Pastor dever\u00e3o seguir pelas ruas Silva Jardim, Roberto de Barros e Jarbas de Lery Santos, avenidas Get\u00falio Vargas e Presidente Itamar Franco, ruas Santo Ant\u00f4nio e Rei Alberto e Avenida Bar\u00e3o do Rio Branco.<\/p>\n<p>Os ve\u00edculos provenientes da Avenida Bar\u00e3o do Rio Branco (pista lateral, sentido bairros Manoel Hon\u00f3rio\/Bom Pastor) que se destinam ao Centro e\/ou ao Bom Pastor dever\u00e3o seguir pela Rua Bar\u00e3o de Cataguases, Avenida dos Andradas, ruas Silva Jardim, Roberto de Barros e Jarbas de Lery Santos, avenidas Get\u00falio Vargas e Presidente Itamar Franco.<\/p>\n<p>Os ve\u00edculos provenientes da Avenida Bar\u00e3o do Rio Branco (pista lateral, sentido Manoel Hon\u00f3rio\/Centro) em dire\u00e7\u00e3o aos bairros S\u00e3o Pedro e Cascatinha, dever\u00e3o acessar a Rua Bar\u00e3o de Cataguases.<\/p>\n<p>Os ve\u00edculos provenientes da Avenida dos Andradas em dire\u00e7\u00e3o ao Bairro Manoel Hon\u00f3rio dever\u00e3o seguir pela Rua Silva Jardim, Avenida Bar\u00e3o do Rio Branco (pista lateral, sentido Centro\/Manoel Hon\u00f3rio).<\/p>\n<p>Os ve\u00edculos provenientes da Avenida Bar\u00e3o do Rio Branco, no Bairro Bom Pastor, em dire\u00e7\u00e3o ao Manoel Hon\u00f3rio, dever\u00e3o seguir pelas avenidas Bar\u00e3o do Rio Branco (pista lateral) e Presidente Itamar Franco, Travessa Doutor Prisco, avenidas Francisco Bernardino e Bar\u00e3o do Rio Branco.<\/p>\n<p>Os ve\u00edculos provenientes da Avenida Bar\u00e3o do Rio Branco, no Bairro Bom Pastor, em dire\u00e7\u00e3o ao Mariano Proc\u00f3pio, dever\u00e3o seguir pelas avenidas Bar\u00e3o do Rio Branco (pista lateral) e Presidente Itamar Franco, Travessa Doutor Prisco, Avenida Francisco Bernardino, Rua Bar\u00e3o de Cataguases e Avenida dos Andradas.<\/p>\n<p><b>Transporte Coletivo<\/b><\/p>\n<p>Haver\u00e1 mudan\u00e7as no itiner\u00e1rio do transporte coletivo urbano. Confira em anexo as altera\u00e7\u00f5es.<\/p>\n<p><b>T\u00e1xi<\/b><\/p>\n<p>Os t\u00e1xis do ponto n\u00b0 1, no Parque Halfeld, dever\u00e3o entrar e sair pela Rua Marechal Deodoro, n\u00e3o podendo acessar a Avenida Bar\u00e3o do Rio Branco. O ponto de t\u00e1xi livre n\u00b0 3, na Rua Floriano Peixoto, ficar\u00e1 liberado, devendo os taxistas acessar e sair pela Rua Santo Ant\u00f4nio somente no momento da interdi\u00e7\u00e3o total do trecho, que est\u00e1 previsto para 13 horas. O ponto de t\u00e1xi n\u00b0 5, na Catedral Metropolitana, ser\u00e1 transferido para a Rua Fernando Lobo, devendo os taxistas acessar pela Rua Santo Ant\u00f4nio.<\/p>\n<p>Os pontos de t\u00e1xi e \u00f4nibus na Rua Jarbas de Lery dos Santos estar\u00e3o desativados.<\/p>\n<p>&nbsp;<\/p>\n<p>Fonte: PJF<\/p>\n","protected":false},"excerpt":{"rendered":"<p>Em fun\u00e7\u00e3o do desfile da \u201cBanda Daki\u201d, neste s\u00e1bado, 2, a Secretaria de Transporte e Tr\u00e2nsito (Settra) da Prefeitura de Juiz de Fora (PJF) realizar\u00e1 as seguintes altera\u00e7\u00f5es no tr\u00e2nsito: a partir das 5 horas: invers\u00e3o de m\u00e3o de dire\u00e7\u00e3o na Rua Rei Alberto, entre Avenida Bar\u00e3o do Rio Branco e Rua Santo Ant\u00f4nio; proibido [&hellip;]<\/p>\n","protected":false},"author":96,"featured_media":135184,"comment_status":"closed","ping_status":"closed","sticky":false,"template":"","format":"standard","meta":{"footnotes":""},"categories":[253,436,262,439],"tags":[],"class_list":["post-135183","post","type-post","status-publish","format-standard","has-post-thumbnail","hentry","category-cidade","category-destaque-da-semana","category-noticias","category-ultima-hora"],"_links":{"self":[{"href":"https:\/\/diarioregionaldigital.com.br\/index.php?rest_route=\/wp\/v2\/posts\/135183","targetHints":{"allow":["GET"]}}],"collection":[{"href":"https:\/\/diarioregionaldigital.com.br\/index.php?rest_route=\/wp\/v2\/posts"}],"about":[{"href":"https:\/\/diarioregionaldigital.com.br\/index.php?rest_route=\/wp\/v2\/types\/post"}],"author":[{"embeddable":true,"href":"https:\/\/diarioregionaldigital.com.br\/index.php?rest_route=\/wp\/v2\/users\/96"}],"replies":[{"embeddable":true,"href":"https:\/\/diarioregionaldigital.com.br\/index.php?rest_route=%2Fwp%2Fv2%2Fcomments&post=135183"}],"version-history":[{"count":0,"href":"https:\/\/diarioregionaldigital.com.br\/index.php?rest_route=\/wp\/v2\/posts\/135183\/revisions"}],"wp:featuredmedia":[{"embeddable":true,"href":"https:\/\/diarioregionaldigital.com.br\/index.php?rest_route=\/wp\/v2\/media\/135184"}],"wp:attachment":[{"href":"https:\/\/diarioregionaldigital.com.br\/index.php?rest_route=%2Fwp%2Fv2%2Fmedia&parent=135183"}],"wp:term":[{"taxonomy":"category","embeddable":true,"href":"https:\/\/diarioregionaldigital.com.br\/index.php?rest_route=%2Fwp%2Fv2%2Fcategories&post=135183"},{"taxonomy":"post_tag","embeddable":true,"href":"https:\/\/diarioregionaldigital.com.br\/index.php?rest_route=%2Fwp%2Fv2%2Ftags&post=135183"}],"curies":[{"name":"wp","href":"https:\/\/api.w.org\/{rel}","templated":true}]}}