{"id":135170,"date":"2019-03-01T14:35:24","date_gmt":"2019-03-01T17:35:24","guid":{"rendered":"https:\/\/diarioregionaldigital.com.br\/?p=135170"},"modified":"2019-03-01T14:35:41","modified_gmt":"2019-03-01T17:35:41","slug":"inflacao-medida-pelo-ipc-s-fecha-fevereiro-em-035","status":"publish","type":"post","link":"https:\/\/diarioregionaldigital.com.br\/?p=135170","title":{"rendered":"Infla\u00e7\u00e3o medida pelo IPC-S fecha fevereiro em 0,35%"},"content":{"rendered":"<p>A infla\u00e7\u00e3o medida pelo \u00cdndice de Pre\u00e7os ao Consumidor Semanal (IPC-S) fechou fevereiro com taxa de 0,35%, abaixo do 0,57% registrado em janeiro. Com o resultado, o indicador, medido pela Funda\u00e7\u00e3o Get\u00falio Vargas (FGV), acumula 0,92% no ano e 4,38% em 12 meses.<\/p>\n<p>Entre os oito grupos de despesas que comp\u00f5em o IPC-S, quatro tiveram alta em fevereiro, com destaque para alimenta\u00e7\u00e3o, 0,94%. Tamb\u00e9m registraram altas de pre\u00e7os os grupos habita\u00e7\u00e3o (0,44%), sa\u00fade e cuidados pessoais (0,5%) e despesas diversas (0,1%).<\/p>\n<p>O setor de comunica\u00e7\u00e3o manteve estabilidade de pre\u00e7os. Tr\u00eas grupos tiveram defla\u00e7\u00e3o (queda de pre\u00e7os): vestu\u00e1rio (0,13%), educa\u00e7\u00e3o, leitura e recrea\u00e7\u00e3o (0,65%) e transportes (0,01%).<\/p>\n<p>Todas as capitais registraram alta de pre\u00e7os em fevereiro, sendo a maior Belo Horizonte (0,65%). As demais cidades pesquisadas tiveram as seguintes taxas: Recife e S\u00e3o Paulo (0,53%), Rio de Janeiro (0,36%), Salvador (0,21%), Bras\u00edlia (0,13%) e Porto Alegre (0,02%).<\/p>\n<p>&nbsp;<\/p>\n<p>Fonte: Ag\u00eancia Brasil<\/p>\n","protected":false},"excerpt":{"rendered":"<p>A infla\u00e7\u00e3o medida pelo \u00cdndice de Pre\u00e7os ao Consumidor Semanal (IPC-S) fechou fevereiro com taxa de 0,35%, abaixo do 0,57% registrado em janeiro. Com o resultado, o indicador, medido pela Funda\u00e7\u00e3o Get\u00falio Vargas (FGV), acumula 0,92% no ano e 4,38% em 12 meses. Entre os oito grupos de despesas que comp\u00f5em o IPC-S, quatro tiveram [&hellip;]<\/p>\n","protected":false},"author":96,"featured_media":105072,"comment_status":"closed","ping_status":"closed","sticky":false,"template":"","format":"standard","meta":{"footnotes":""},"categories":[436,261,262,439],"tags":[],"class_list":["post-135170","post","type-post","status-publish","format-standard","has-post-thumbnail","hentry","category-destaque-da-semana","category-economia","category-noticias","category-ultima-hora"],"_links":{"self":[{"href":"https:\/\/diarioregionaldigital.com.br\/index.php?rest_route=\/wp\/v2\/posts\/135170","targetHints":{"allow":["GET"]}}],"collection":[{"href":"https:\/\/diarioregionaldigital.com.br\/index.php?rest_route=\/wp\/v2\/posts"}],"about":[{"href":"https:\/\/diarioregionaldigital.com.br\/index.php?rest_route=\/wp\/v2\/types\/post"}],"author":[{"embeddable":true,"href":"https:\/\/diarioregionaldigital.com.br\/index.php?rest_route=\/wp\/v2\/users\/96"}],"replies":[{"embeddable":true,"href":"https:\/\/diarioregionaldigital.com.br\/index.php?rest_route=%2Fwp%2Fv2%2Fcomments&post=135170"}],"version-history":[{"count":0,"href":"https:\/\/diarioregionaldigital.com.br\/index.php?rest_route=\/wp\/v2\/posts\/135170\/revisions"}],"wp:featuredmedia":[{"embeddable":true,"href":"https:\/\/diarioregionaldigital.com.br\/index.php?rest_route=\/wp\/v2\/media\/105072"}],"wp:attachment":[{"href":"https:\/\/diarioregionaldigital.com.br\/index.php?rest_route=%2Fwp%2Fv2%2Fmedia&parent=135170"}],"wp:term":[{"taxonomy":"category","embeddable":true,"href":"https:\/\/diarioregionaldigital.com.br\/index.php?rest_route=%2Fwp%2Fv2%2Fcategories&post=135170"},{"taxonomy":"post_tag","embeddable":true,"href":"https:\/\/diarioregionaldigital.com.br\/index.php?rest_route=%2Fwp%2Fv2%2Ftags&post=135170"}],"curies":[{"name":"wp","href":"https:\/\/api.w.org\/{rel}","templated":true}]}}