{"id":135166,"date":"2019-03-01T14:31:22","date_gmt":"2019-03-01T17:31:22","guid":{"rendered":"https:\/\/diarioregionaldigital.com.br\/?p=135166"},"modified":"2019-03-01T14:31:22","modified_gmt":"2019-03-01T17:31:22","slug":"quarta-feira-de-cinzas-e-celebrada-em-toda-a-arquidiocese","status":"publish","type":"post","link":"https:\/\/diarioregionaldigital.com.br\/?p=135166","title":{"rendered":"Quarta-feira de Cinzas \u00e9 celebrada em toda a arquidiocese"},"content":{"rendered":"<p>Ao final do carnaval os cat\u00f3licos celebram a \u201cQuarta-feira de Cinzas\u201d. A data, que neste ano ser\u00e1 lembrada no dia 6 de mar\u00e7o, d\u00e1 in\u00edcio ao per\u00edodo da Quaresma \u2013 per\u00edodo de 40 dias que antecede a ressurrei\u00e7\u00e3o de Cristo na P\u00e1scoa \u2013 e abre a Campanha da Fraternidade 2019, que ter\u00e1 como tema \u201cFraternidade e Pol\u00edticas P\u00fablicas\u201d e lema \u201cSeras libertado pelo direito e pela justi\u00e7a\u201d (Is 1,27).<\/p>\n<p>Nas comunidades da arquidiocese haver\u00e1 programa\u00e7\u00e3o especial e, durante as celebra\u00e7\u00f5es do dia, ser\u00e1 feita a tradicional imposi\u00e7\u00e3o das cinzas sobre a cabe\u00e7a dos fi\u00e9is. Na Catedral Metropolitana, al\u00e9m da missa tradicional, haver\u00e1 tamb\u00e9m a abertura oficial da Campanha da Fraternidade 2019 em Juiz de Fora, que ser\u00e1 na missa \u00e0s 19h.<\/p>\n<p>A Quarta-feira de Cinzas leva os fi\u00e9is a visualizar a Quaresma, com a imposi\u00e7\u00e3o das cinzas, s\u00edmbolo da fragilidade e pequenez humana, reconhecermos o quanto somos necessitados da gra\u00e7a de Deus.<\/p>\n<p><strong><em>Juiz de Fora<\/em><\/strong><\/p>\n<p><strong><u>Catedral Metropolitana \u2013 Centro<br \/>\n<\/u><\/strong><em>*A Catedral fica na Rua Santo Ant\u00f4nio, 1201 \u2013 Centro\u00a0<\/em><\/p>\n<p><em>7h, 10h, 15h e 19h* \u2013 Missa<br \/>\n*Celebra\u00e7\u00e3o presidida por Dom Gil Ant\u00f4nio Moreira, com abertura oficial da Campanha da Fraternidade 2019 na Arquidiocese<\/em><\/p>\n<p><strong><u>Igreja S\u00e3o Sebasti\u00e3o \u2013 Centro<br \/>\n<\/u><\/strong><em>*A Igreja S\u00e3o Sebasti\u00e3o fica na Pra\u00e7a Hermenegildo Vila\u00e7a, s\/n\u00ba \u2013 Centro<\/em><\/p>\n<p>7h30 e 19h \u2013 Missas<\/p>\n<p><strong><u>Par\u00f3quia Nossa Senhora da Gl\u00f3ria \u2013 Morro da Gl\u00f3ria<br \/>\n<\/u><\/strong><em>*A Igreja da Gl\u00f3ria fica na Avenida dos Andradas, 855 \u2013 Morro da Gl\u00f3ria<\/em><\/p>\n<p>7h, 10h e 19h \u2013 Missas na Igreja da Gl\u00f3ria<br \/>\n18h \u2013 Missa no Ambulat\u00f3rio Nossa Senhora da Gl\u00f3ria<\/p>\n<p><strong><u>Par\u00f3quia Bom Pastor \u2013 Bom Pastor<br \/>\n<\/u><\/strong><em>*A Matriz fica na Pra\u00e7a Dr. Jo\u00e3o Tostes, s\/n\u00ba \u2013 Bom Pastor<\/em><\/p>\n<p>8h30 \u2013 Missa na Capela S\u00e3o Jos\u00e9<br \/>\n19h \u2013 Missa na Matriz Bom Pastor<br \/>\n19h30 \u2013 Missa na Nossa Senhora da Visita\u00e7\u00e3o<\/p>\n<p><strong><u>Par\u00f3quia S\u00e3o Mateus \u2013 S\u00e3o Mateus<br \/>\n<\/u><\/strong><em>*A Matriz fica na Rua S\u00e3o Mateus, 629 \u2013 S\u00e3o Mateus<\/em><\/p>\n<p>7h, 12h, 18h e 20h \u2013 Missas na Matriz<br \/>\n19h \u2013 Missa na Igreja Imaculada Concei\u00e7\u00e3o (Bairro Dom Bosco)<\/p>\n<p><strong><u>Par\u00f3quia Nossa Senhora do Ros\u00e1rio \u2013 Granbery<br \/>\n<\/u><\/strong><em>*A Matriz fica na Rua Santos Dumont, 215 \u2013 Granbery<\/em><\/p>\n<p>19h \u2013 Missa na Igreja Matriz<\/p>\n<p><strong><u>Par\u00f3quia Sagrado Cora\u00e7\u00e3o de Jesus \u2013 Bairu<br \/>\n<\/u><\/strong><em>*A Matriz fica na Rua Dr. Alberto Vieira Lima, 50 \u2013 Bairu<\/em><\/p>\n<p>19h \u2013 Missas na Igreja Matriz<\/p>\n<p><strong>\u00a0<u>Par\u00f3quia Santa Rita de C\u00e1ssia \u2013 Bonfim<br \/>\n<\/u><\/strong><em>*A Matriz fica na Rua Bar\u00e3o do Retiro, 388 \u2013 Bonfim<\/em><\/p>\n<p>09h, 15h e 19h30\u2013 Missas na Igreja Matriz<\/p>\n<p><strong>\u00a0<u>Par\u00f3quia Nossa Senhora Aparecida \u2013 Nossa Senhora Aparecida<br \/>\n<\/u><\/strong><em>*A Matriz fica na Rua Nossa Senhora Aparecida, 120 \u2013 N. S. Aparecida<\/em><\/p>\n<p>19h \u2013 Missa na Igreja Matriz<\/p>\n<p><strong><u>Par\u00f3quia Nossa Senhora de F\u00e1tima \u2013 Nossa Senhora de F\u00e1tima<br \/>\n<\/u><\/strong><em>*A Matriz fica na Rua Nossa Senhora de F\u00e1tima, 52 \u2013 Nossa Senhora de F\u00e1tima<\/em><\/p>\n<p>9h \u2013 Missa na Matriz<br \/>\n19h \u2013 Missa na Comunidade Santana<\/p>\n<p><strong><u>Par\u00f3quia Nossa Senhora de Lourdes \u2013 Francisco Bernardino<br \/>\n<\/u><\/strong><em>*A Matriz fica na Av. Juscelino Kubitscheck, 790 \u2013 Francisco Bernardino<\/em><\/p>\n<p>19h \u2013 Celebra\u00e7\u00f5es na Igreja Matriz e na capela Nossa Senhora do Carmo (Jardim Natal)<br \/>\n19h30 \u2013 Missa na capela Santa Clara (Milho Branco)<\/p>\n<p><strong><u>Par\u00f3quia Nossa Senhora da Concei\u00e7\u00e3o \u2013 Benfica<br \/>\n<\/u><\/strong><em>*A Matriz fica na Rua Tom\u00e9 de Souza, 195 \u2013 Benfica<\/em><\/p>\n<p>8h \u2013 Matriz e Nossa Senhora de F\u00e1tima<br \/>\n19h \u2013 Matriz e Nossa Senhora de Serrat<\/p>\n<p><strong>\u00a0<u>Par\u00f3quia S\u00e3o Jo\u00e3o Paulo II \u2013 Nova Era<br \/>\n<\/u><\/strong><em>*A Matriz fica na Rua Jarcil Firmino Pinheiro, 30 \u2013 Nova Era<\/em><\/p>\n<p>8h e 19h30 \u2013 Missas na Matriz<\/p>\n<p><strong><u>Par\u00f3quia Nossa Senhora de F\u00e1tima \u2013 Barbosa Lage<br \/>\n<\/u><\/strong><em>*A Matriz fica na Rua Engenheiro Hugo Vocurca Filho, 630 \u2013 Barbosa Lage<\/em><\/p>\n<p>18h \u2013 Missa na Capela Sagrada Fam\u00edlia (J\u00f3quei Clube) e na Capela Verbo Divino (J\u00f3quei Clube II)<br \/>\n19h30 \u2013 Missas na Matriz e Capela S\u00e3o Lucas (Cidade do Sol)<\/p>\n<p><strong><u>Par\u00f3quia Nossa Senhora M\u00e3e de Deus \u2013 Bairro de Lourdes<br \/>\n<\/u><\/strong><em>*A Matriz fica na Pra\u00e7a Cardoso Sobrinho, 17 \u2013 Bairro de Lourdes<\/em><\/p>\n<p>19h \u2013 Missa na Igreja Matriz<\/p>\n<p><strong><u>Par\u00f3quia Sant\u2019Ana \u2013 Vila Ideal<br \/>\n<\/u><\/strong><em>*A Matriz fica na Rua Afonso Celso, 95 \u2013 Vila Ideal<\/em><\/p>\n<p>19h \u2013 Missa na Igreja Matriz<\/p>\n<p><strong><u>Par\u00f3quia Santa Cruz \u2013 Bandeirantes<br \/>\n<\/u><\/strong><em>*A Matriz fica na Pra\u00e7a Artur Bernardes, s\/n \u2013 Vale dos Bandeirantes<\/em><\/p>\n<p>19h \u2013 Missa na Matriz e na Comunidade S\u00e3o Francisco (Parque Guarani)<\/p>\n<p><strong><u>Par\u00f3quia S\u00e3o Pio X \u2013 Ipiranga<br \/>\n<\/u><\/strong><em>*A Matriz fica na Rua Walter Nascimento Campos, 20 \u2013 Ipiranga<\/em><\/p>\n<p>08h30 \u2013 Missas nas comunidades de Santa Isabel e Nossa Senhora do Carmo<br \/>\n10h \u2013 Missa na comunidade S\u00e3o Jos\u00e9 Oper\u00e1rio<br \/>\n18h \u2013 Missa na comunidade S\u00e3o Judas Tadeu<br \/>\n19h30 \u2013 Missas na Matriz e nas capelas Nossa Senhora do Sagrado Cora\u00e7\u00e3o, S\u00e3o Francisco e S\u00e3o Geraldo<\/p>\n<p><strong><u>Par\u00f3quia S\u00e3o Geraldo \u2013 Teixeiras<br \/>\n<\/u><\/strong><em>*A Matriz fica na Rua Nair Furtado de Souza, 10 \u2013 Teixeiras<\/em><\/p>\n<p>19h30 \u2013 Missas na Matriz e na comunidade Nossa Senhora Rosa M\u00edstica<\/p>\n<p><strong><u>Par\u00f3quia Nossa Senhora das Dores \u2013 Grama<br \/>\n<\/u><\/strong><em>*A Matriz fica na Rua Rio de Janeiro, 10 \u2013 Bairro Grama<\/em><\/p>\n<p>9h \u2013 Missa na Capela Nossa Senhora Aparecida (Parque Independ\u00eancia)<br \/>\n19h30 \u2013 Missa na Matriz<\/p>\n<p><strong><u>Par\u00f3quia Sant\u00edssima Trindade \u2013 Po\u00e7o Rico<br \/>\n<\/u><\/strong><em>*A Matriz (Comunidade Menino Jesus de Praga) fica na Rua Pinto de Moura, 70 \u2013 Po\u00e7o Rico<\/em><\/p>\n<p>9h30 e 19h30 \u2013 Missa na Nossa Senhora de F\u00e1tima<br \/>\n18h \u2013 Missa na Matriz<br \/>\n19h \u2013 Missa na Comunidade S\u00e3o Judas Tadeu<\/p>\n<p><strong><u>Par\u00f3quia Divino Esp\u00edrito Santo \u2013 Progresso<br \/>\n<\/u><\/strong><em>*A Matriz fica na Rua Jos\u00e9 Ant\u00f4nio Benhame, 159 \u2013 Progresso<\/em><\/p>\n<p>08h \u2013 Missa na Matriz<br \/>\n19h30 \u2013\u00a0 Missa na Comunidade Santa Clara (Santa Paula)<\/p>\n<p><strong><u>Par\u00f3quia Cristo Rei \u2013 Jardim do Sol<br \/>\n<\/u><\/strong><strong><em>*<\/em><\/strong><em>A Matriz fica na Rua Manoel Joaquim Tavares, 30 \u2013 Jardim do Sol<\/em><\/p>\n<p>8h \u2013 Missa na Capela S\u00e3o Bernardo<br \/>\n19h \u2013 Missa na Matriz<\/p>\n<p><strong>\u00a0<u>Par\u00f3quia Nossa Senhora do L\u00edbano \u2013 Graja\u00fa<br \/>\n<\/u><em>*<\/em><\/strong><em>A Matriz fica na Rua Raulina Magalh\u00e3es, 40 \u2013 Graja\u00fa<\/em><\/p>\n<p>17h \u2013 Missa na Casa de Repouso<br \/>\n19h \u2013 Missa na Matriz<br \/>\n19h30 \u2013 Celebra\u00e7\u00e3o da Palavra na Capela Nossa Senhora de Lourdes<\/p>\n<p><strong><u>Par\u00f3quia S\u00e3o Sebasti\u00e3o \u2013 Barreira do Triunfo<\/u><\/strong><strong><br \/>\n<\/strong><em>*A Matriz fica na Av. Presidente Juscelino Kubistscheck, 10578 \u2013 Bairro Barreira do Triunfo<\/em><\/p>\n<p>19h30 \u2013 Missa na Matriz<\/p>\n<p><strong>\u00a0<u>Par\u00f3quia S\u00e3o Francisco de Paula \u2013 Torre\u00f5es<br \/>\n<\/u><\/strong><em>*A Matriz fica na Rua Principal, 01 \u2013 Centro \u2013 Torre\u00f5es (Distrito de Juiz de Fora)<\/em><\/p>\n<p>10h e 19h \u2013 Missas na Matriz<\/p>\n<p><strong><u>Par\u00f3quia Nossa Senhora do Livramento \u2013 Sarandira (Distrito de Juiz de Fora)<br \/>\n<\/u><\/strong><em>*A Matriz fica na Rua Santana, s\/n\u00ba\u00a0<\/em><em>\u2010<\/em><em>\u00a0Centro<\/em><\/p>\n<p>10h \u2013 Missa na Matriz<\/p>\n<p><strong>\u00a0<em>Interior<\/em><\/strong><\/p>\n<p><strong><u>Par\u00f3quia Nosso Senhor do Bonfim \u2013 Aracitaba\/MG<br \/>\n<\/u><\/strong><em>*A Matriz fica na Pra\u00e7a Senhor do Bonfim, 31 \u2013 Centro<\/em><\/p>\n<p>17h \u2013 Missa<\/p>\n<p><strong><u>Par\u00f3quia Nossa Senhora Aparecida \u2013 Arantina\/MG<\/u><\/strong><br \/>\n*A Matriz fica na Pra\u00e7a Joaquim de Seixas, 09 \u2013 Centro<\/p>\n<p>19h \u2013 Missa<\/p>\n<p><strong><u>Par\u00f3quia Santa Ana \u2013 Belmiro Braga\/MG<br \/>\n<\/u><\/strong><em>*A Matriz fica na Rua Nicola Falci, 28 \u2013 Centro<\/em><\/p>\n<p>20h30 \u2013 Missa<\/p>\n<p><strong><u>Par\u00f3quia S\u00e3o Jos\u00e9 \u2013 S\u00e3o Jos\u00e9 das Tr\u00eas Ilhas (Distrito de Belmiro Braga\/MG)<br \/>\n<\/u><\/strong><em>*A Matriz fica na Av. Ant\u00f4nio Bernardino de Barros, 101 \u2013 Centro<\/em><\/p>\n<p>19h \u2013 Missa na Matriz<\/p>\n<p><strong><u>Par\u00f3quia S\u00e3o Jos\u00e9 \u2013 Bicas\/MG<br \/>\n<\/u><\/strong><em>*A Matriz fica na Pra\u00e7a S\u00e3o Jos\u00e9, 130 \u2013 Centro<\/em><\/p>\n<p><em>\u00a0<\/em>19h \u2013 Missa<\/p>\n<p><strong><u>Par\u00f3quia Nossa Senhora do Ros\u00e1rio \u2013 Bocaina de Minas\/MG<br \/>\n<\/u><\/strong><em>*A Matriz fica na Rua Joaquim Domingues Maciel, 13 \u2013 Centro<\/em><\/p>\n<p>12 e 19h \u2013 Missa<\/p>\n<p><strong><u>Par\u00f3quia Santo Ant\u00f4nio \u2013 Goian\u00e1\/MG<br \/>\n<\/u><\/strong><em>* A Matriz fica na Rua Henrique Canedo, 17 \u2013 Centro<\/em><\/p>\n<p><em>\u00a0<\/em>19h30 \u2013 Missa<\/p>\n<p><strong><u>Par\u00f3quia Divino Esp\u00edrito Santo \u2013 Guarar\u00e1\/MG<br \/>\n<\/u><\/strong><em>*A Matriz fica na Pra\u00e7a Divino Esp\u00edrito Santo, s\/n\u00ba \u2013 Centro<\/em><\/p>\n<p>19h \u2013 Missa<\/p>\n<p><strong><u>Par\u00f3quia Nossa Senhora das Merc\u00eas \u2013 Mar de Espanha\/MG<\/u><\/strong><br \/>\n<em>*O Santu\u00e1rio fica na Pra\u00e7a Bar\u00e3o de Ayuruoca, 332 \u2013 Centro<\/em><\/p>\n<p>07h30 \u2013 Missa na Capela S\u00e3o Jos\u00e9<br \/>\n10h \u2013 Missa no Santu\u00e1rio<br \/>\n10h \u2013 Missa na Capela S\u00e3o Sebasti\u00e3o (Eng. Novo)<br \/>\n17h \u2013 Missa na Capela Divino Esp\u00edrito Santo (Saudade)<br \/>\n18h45 \u2013 \u00a0Ter\u00e7o dos homens no Santu\u00e1rio<br \/>\n19h30 \u2013 Missa no Santu\u00e1rio<\/p>\n<p><strong><u>Par\u00f3quia Nossa Senhora da Concei\u00e7\u00e3o \u2013 Matias Barbosa\/MG<br \/>\n<\/u><\/strong><em>*A Matriz fica na Pra\u00e7a Manoel de Castro, 78 \u2013 Centro<\/em><\/p>\n<p>17h \u2013 Missa na Comunidade Nossa Senhora da Penha<br \/>\n19h30 \u2013 Missa na Matriz e Comunidade Nossa Senhora de F\u00e1tima<\/p>\n<p><strong><u>Par\u00f3quia Santo Ant\u00f4nio \u2013 Passa Vinte\/MG<br \/>\n<\/u><\/strong><em>*A Matriz fica na Rua Monsenhor Marciano, 30 \u2013 Centro<\/em><\/p>\n<p>19h \u2013 Missa<\/p>\n<p><strong><u>Par\u00f3quia S\u00e3o Pedro Ap\u00f3stolo \u2013 Pequeri\/ MG<br \/>\n<\/u><\/strong><em>*A Igreja fica na Pra\u00e7a S\u00e3o Pedro, s\/n\u00ba \u2013 Centro<\/em><\/p>\n<p>19h \u2013 Missa<\/p>\n<p><strong><u>Par\u00f3quia Santa Rita de C\u00e1ssia \u2013 Santa Rita de Ibitipoca\/MG<br \/>\n<\/u><\/strong><em>*A Matriz fica na Rua Padre Ant\u00f4nio Batista de Freitas, 02 \u2013 Centro<\/em><\/p>\n<p>14h- Missas nas\u00a0Capela de S\u00e3o Sebasti\u00e3o e Comunidade Para\u00edso Garcia<br \/>\n16h- Missa na Capela Bom Jesus (B. J. Vermelho)<br \/>\n19h \u2013\u00a0 Missa na Matriz<\/p>\n<p><strong><u>Par\u00f3quia Santa Rita de C\u00e1ssia \u2013 Santa Rita de Jacutinga\/MG<br \/>\n<\/u><\/strong><em>*A Matriz fica na Pra\u00e7a Coronel Ant\u00f4nio Os\u00f3rio, 68 \u2013 Centro<\/em><\/p>\n<p>19h \u2013 Missa<\/p>\n<p><strong><u>Par\u00f3quia S\u00e3o Miguel e Almas \u2013 Santos Dumont\/MG<br \/>\n<\/u><\/strong><em>*A Matriz fica na Pra\u00e7a Ces\u00e1rio Alvim, 49 \u2013 Centro<\/em><\/p>\n<p>9h e 19h \u2013 Missa<\/p>\n<p><strong><u>Par\u00f3quia S\u00e3o Joaquim E Sant\u2019ana \u2013 Santos Dumont\/MG<\/u><\/strong><br \/>\n<em>*A Matriz fica na Rua Francisco Brech\u00f3, s\/n\u00ba \u2013 Bairro C\u00f3rrego do Ouro<\/em><\/p>\n<p>07h e 19h \u2013 Missa na Matriz S\u00e3o Joaquim e Sant\u2019Ana<br \/>\n08h30 \u2013\u00a0 Missa na Igreja Nossa Senhora Aparecida<br \/>\n16h \u2013 Missa na Igreja Imaculada Concei\u00e7\u00e3o (Campo Alegre)<\/p>\n<p><strong><u>Par\u00f3quia S\u00e3o Sebasti\u00e3o \u2013 Santos Dumont\/MG<br \/>\n<\/u><\/strong><em>*A Matriz fica na Rua Quinze de Fevereiro, 1610 \u2013 S\u00e3o Sebasti\u00e3o<\/em><\/p>\n<p>07h \u2013 Missa na Matriz S\u00e3o Sebasti\u00e3o<br \/>\n15h \u2013 Missa na Capela do Lar S\u00e3o Miguel<br \/>\n19h \u2013 Missa na Matriz S\u00e3o Sebasti\u00e3o<\/p>\n<p><strong><u>Par\u00f3quia Sagrada Fam\u00edlia \u2013 S\u00e3o Jo\u00e3o Nepomuceno\/MG<br \/>\n<\/u><\/strong><em>* A sede provis\u00f3ria da par\u00f3quia fica na Capela Nossa Senhora Rosa M\u00edstica) Rua Jos\u00e9 Carlos Furlan, 45 \u2013 Bairro Shangril\u00e1<\/em><\/p>\n<p>08h30 \u2013 Missa no Lar Ambrosina<br \/>\n10h \u2013 Missa na Capela S\u00e3o Crist\u00f3v\u00e3o<br \/>\n18h \u2013 Missa na Capela N. Sra. das Gra\u00e7as<br \/>\n19h30 \u2013 Missa na Capela Rosa M\u00edstica<\/p>\n<p><strong><u>Par\u00f3quia S\u00e3o Sebasti\u00e3o \u2013 Senador Cortes\/MG<br \/>\n<\/u><\/strong><em>*A Matriz fica na Pra\u00e7a Tiradentes, 01 \u2013 Centro<\/em><\/p>\n<p>19h \u2013 Missa<\/p>\n<p><strong><u>Par\u00f3quia Nossa Senhora da Gl\u00f3ria \u2013 Sim\u00e3o Pereira\/MG<br \/>\n<\/u><\/strong><em>*A Matriz fica na Rua Fernando Filgueiras, 421 \u2013 Centro<\/em><\/p>\n<p>19h \u2013 Missa<\/p>\n<p>&nbsp;<\/p>\n<p>Fonte: Arquidiocese de Juiz de Fora<\/p>\n","protected":false},"excerpt":{"rendered":"<p>Ao final do carnaval os cat\u00f3licos celebram a \u201cQuarta-feira de Cinzas\u201d. A data, que neste ano ser\u00e1 lembrada no dia 6 de mar\u00e7o, d\u00e1 in\u00edcio ao per\u00edodo da Quaresma \u2013 per\u00edodo de 40 dias que antecede a ressurrei\u00e7\u00e3o de Cristo na P\u00e1scoa \u2013 e abre a Campanha da Fraternidade 2019, que ter\u00e1 como tema \u201cFraternidade [&hellip;]<\/p>\n","protected":false},"author":96,"featured_media":135167,"comment_status":"closed","ping_status":"closed","sticky":false,"template":"","format":"standard","meta":{"footnotes":""},"categories":[253,436,262,439],"tags":[],"class_list":["post-135166","post","type-post","status-publish","format-standard","has-post-thumbnail","hentry","category-cidade","category-destaque-da-semana","category-noticias","category-ultima-hora"],"_links":{"self":[{"href":"https:\/\/diarioregionaldigital.com.br\/index.php?rest_route=\/wp\/v2\/posts\/135166","targetHints":{"allow":["GET"]}}],"collection":[{"href":"https:\/\/diarioregionaldigital.com.br\/index.php?rest_route=\/wp\/v2\/posts"}],"about":[{"href":"https:\/\/diarioregionaldigital.com.br\/index.php?rest_route=\/wp\/v2\/types\/post"}],"author":[{"embeddable":true,"href":"https:\/\/diarioregionaldigital.com.br\/index.php?rest_route=\/wp\/v2\/users\/96"}],"replies":[{"embeddable":true,"href":"https:\/\/diarioregionaldigital.com.br\/index.php?rest_route=%2Fwp%2Fv2%2Fcomments&post=135166"}],"version-history":[{"count":0,"href":"https:\/\/diarioregionaldigital.com.br\/index.php?rest_route=\/wp\/v2\/posts\/135166\/revisions"}],"wp:featuredmedia":[{"embeddable":true,"href":"https:\/\/diarioregionaldigital.com.br\/index.php?rest_route=\/wp\/v2\/media\/135167"}],"wp:attachment":[{"href":"https:\/\/diarioregionaldigital.com.br\/index.php?rest_route=%2Fwp%2Fv2%2Fmedia&parent=135166"}],"wp:term":[{"taxonomy":"category","embeddable":true,"href":"https:\/\/diarioregionaldigital.com.br\/index.php?rest_route=%2Fwp%2Fv2%2Fcategories&post=135166"},{"taxonomy":"post_tag","embeddable":true,"href":"https:\/\/diarioregionaldigital.com.br\/index.php?rest_route=%2Fwp%2Fv2%2Ftags&post=135166"}],"curies":[{"name":"wp","href":"https:\/\/api.w.org\/{rel}","templated":true}]}}