{"id":135163,"date":"2019-03-01T14:22:59","date_gmt":"2019-03-01T17:22:59","guid":{"rendered":"https:\/\/diarioregionaldigital.com.br\/?p=135163"},"modified":"2019-03-01T14:22:59","modified_gmt":"2019-03-01T17:22:59","slug":"senadores-formam-grupo-para-debater-projetos-de-combate-a-corrupcao","status":"publish","type":"post","link":"https:\/\/diarioregionaldigital.com.br\/?p=135163","title":{"rendered":"Senadores formam grupo para debater projetos de combate \u00e0 corrup\u00e7\u00e3o"},"content":{"rendered":"<p>Propostas de lei para o efetivo combate \u00e0 corrup\u00e7\u00e3o ser\u00e3o o foco de um grupo de trabalho formado pelos senadores Major Olimpio (PSL-SP), Eduardo Gir\u00e3o (Pode-CE) e Weverton (PDT-MA), que come\u00e7am a se reunir depois do Carnaval.<\/p>\n<p>Segundo Major Olimpio, autor da ideia de cria\u00e7\u00e3o do grupo, a principal finalidade \u00e9 \u201catender ao apelo das ruas\u201d durante as elei\u00e7\u00f5es de 2018. O senador explicou que ser\u00e1 feito um levantamento global de projetos a serem debatidos com as \u00e1reas t\u00e9cnicas do Senado e da sociedade civil. Assim que estiverem prontas para vota\u00e7\u00e3o, essas proposi\u00e7\u00f5es ser\u00e3o oferecidas ao colegiado de l\u00edderes e \u00e0 Presid\u00eancia da Casa, que decidir\u00e3o sobre o andamento das mat\u00e9rias.<\/p>\n<p>\u2014 Nosso intuito \u00e9 dar um retorno imediato \u00e0 popula\u00e7\u00e3o sobre os assuntos que mais a afetam.<\/p>\n<p>Major Olimpio tem defendido, por exemplo, a an\u00e1lise de todos os empr\u00e9stimos feitos \u00e0 Venezuela pelo Banco Nacional de Desenvolvimento Econ\u00f4mico e Social (BNDES) nos governos do Partido dos Trabalhadores (PT). O senador tamb\u00e9m apresentou projeto de lei que prop\u00f5e a extin\u00e7\u00e3o do Fundo Eleitoral. Na justificativa do\u00a0PL 555\/2019, ele informa que o Fundo Eleitoral\u00a0destinou R$ 1,7 bilh\u00e3o a campanhas pol\u00edticas apenas nas elei\u00e7\u00f5es de 2018 \u2014 situa\u00e7\u00e3o que, em sua avalia\u00e7\u00e3o,\u00a0 \u201cafronta o\u00a0princ\u00edpio da moralidade p\u00fablica\u201d.<\/p>\n<p>\u2014 Queremos manter o protagonismo do Senado no combate \u00e0 corrup\u00e7\u00e3o, impulsionar as pautas dessa tem\u00e1tica e dar um recado de que estamos preocupados com esse assunto \u2014 afirmou.<\/p>\n","protected":false},"excerpt":{"rendered":"<p>Propostas de lei para o efetivo combate \u00e0 corrup\u00e7\u00e3o ser\u00e3o o foco de um grupo de trabalho formado pelos senadores Major Olimpio (PSL-SP), Eduardo Gir\u00e3o (Pode-CE) e Weverton (PDT-MA), que come\u00e7am a se reunir depois do Carnaval. Segundo Major Olimpio, autor da ideia de cria\u00e7\u00e3o do grupo, a principal finalidade \u00e9 \u201catender ao apelo das [&hellip;]<\/p>\n","protected":false},"author":96,"featured_media":135164,"comment_status":"closed","ping_status":"closed","sticky":false,"template":"","format":"standard","meta":{"footnotes":""},"categories":[436,262,254,439],"tags":[],"class_list":["post-135163","post","type-post","status-publish","format-standard","has-post-thumbnail","hentry","category-destaque-da-semana","category-noticias","category-politica","category-ultima-hora"],"_links":{"self":[{"href":"https:\/\/diarioregionaldigital.com.br\/index.php?rest_route=\/wp\/v2\/posts\/135163","targetHints":{"allow":["GET"]}}],"collection":[{"href":"https:\/\/diarioregionaldigital.com.br\/index.php?rest_route=\/wp\/v2\/posts"}],"about":[{"href":"https:\/\/diarioregionaldigital.com.br\/index.php?rest_route=\/wp\/v2\/types\/post"}],"author":[{"embeddable":true,"href":"https:\/\/diarioregionaldigital.com.br\/index.php?rest_route=\/wp\/v2\/users\/96"}],"replies":[{"embeddable":true,"href":"https:\/\/diarioregionaldigital.com.br\/index.php?rest_route=%2Fwp%2Fv2%2Fcomments&post=135163"}],"version-history":[{"count":0,"href":"https:\/\/diarioregionaldigital.com.br\/index.php?rest_route=\/wp\/v2\/posts\/135163\/revisions"}],"wp:featuredmedia":[{"embeddable":true,"href":"https:\/\/diarioregionaldigital.com.br\/index.php?rest_route=\/wp\/v2\/media\/135164"}],"wp:attachment":[{"href":"https:\/\/diarioregionaldigital.com.br\/index.php?rest_route=%2Fwp%2Fv2%2Fmedia&parent=135163"}],"wp:term":[{"taxonomy":"category","embeddable":true,"href":"https:\/\/diarioregionaldigital.com.br\/index.php?rest_route=%2Fwp%2Fv2%2Fcategories&post=135163"},{"taxonomy":"post_tag","embeddable":true,"href":"https:\/\/diarioregionaldigital.com.br\/index.php?rest_route=%2Fwp%2Fv2%2Ftags&post=135163"}],"curies":[{"name":"wp","href":"https:\/\/api.w.org\/{rel}","templated":true}]}}