{"id":135157,"date":"2019-03-01T14:13:16","date_gmt":"2019-03-01T17:13:16","guid":{"rendered":"https:\/\/diarioregionaldigital.com.br\/?p=135157"},"modified":"2019-03-01T14:13:16","modified_gmt":"2019-03-01T17:13:16","slug":"bloco-da-gabizoca-e-opcao-para-a-criancada-cair-na-folia-neste-sabado","status":"publish","type":"post","link":"https:\/\/diarioregionaldigital.com.br\/?p=135157","title":{"rendered":"Bloco da Gabizoca \u00e9 op\u00e7\u00e3o para a crian\u00e7ada cair na folia neste s\u00e1bado"},"content":{"rendered":"<p>No \u00faltimo fim de semana de folia, a Pra\u00e7a CEU (Avenida Juscelino Kubitschek, 5.899 \u2013 Benfica) \u00e9 cen\u00e1rio para o bloquinho infantil da boneca Gabi Gabizoca, interpretada por Gabrielle Lagrotta. Para festejar os 15 anos da personagem, que \u00e9 um verdadeiro xod\u00f3 da crian\u00e7ada, o Bloco da Gabizoca promete muita anima\u00e7\u00e3o, neste s\u00e1bado, 2, a partir das 13 horas.<\/p>\n<p>A Trupe Gabizoca vai promover atividades recreativas, pintura facial e cabelo maluco, al\u00e9m de um concurso de fantasias e elei\u00e7\u00e3o do rei e da rainha do bloco. A tarde ser\u00e1 animada com marchinhas carnavalescas e a Bateria da Escola de Samba Rivais da Primavera, de Benfica.<\/p>\n<p>O evento segue at\u00e9 as 18 horas, sendo uma op\u00e7\u00e3o para toda a fam\u00edlia. A censura \u00e9 livre, e a entrada \u00e9 gratuita. O bloco \u00e9 o \u00faltimo do g\u00eanero infantil na programa\u00e7\u00e3o de carnaval de 2019.<\/p>\n<p>&nbsp;<\/p>\n<p>Fonte: PJF<\/p>\n","protected":false},"excerpt":{"rendered":"<p>No \u00faltimo fim de semana de folia, a Pra\u00e7a CEU (Avenida Juscelino Kubitschek, 5.899 \u2013 Benfica) \u00e9 cen\u00e1rio para o bloquinho infantil da boneca Gabi Gabizoca, interpretada por Gabrielle Lagrotta. Para festejar os 15 anos da personagem, que \u00e9 um verdadeiro xod\u00f3 da crian\u00e7ada, o Bloco da Gabizoca promete muita anima\u00e7\u00e3o, neste s\u00e1bado, 2, a [&hellip;]<\/p>\n","protected":false},"author":96,"featured_media":135159,"comment_status":"closed","ping_status":"closed","sticky":false,"template":"","format":"standard","meta":{"footnotes":""},"categories":[253,436,262,439],"tags":[],"class_list":["post-135157","post","type-post","status-publish","format-standard","has-post-thumbnail","hentry","category-cidade","category-destaque-da-semana","category-noticias","category-ultima-hora"],"_links":{"self":[{"href":"https:\/\/diarioregionaldigital.com.br\/index.php?rest_route=\/wp\/v2\/posts\/135157","targetHints":{"allow":["GET"]}}],"collection":[{"href":"https:\/\/diarioregionaldigital.com.br\/index.php?rest_route=\/wp\/v2\/posts"}],"about":[{"href":"https:\/\/diarioregionaldigital.com.br\/index.php?rest_route=\/wp\/v2\/types\/post"}],"author":[{"embeddable":true,"href":"https:\/\/diarioregionaldigital.com.br\/index.php?rest_route=\/wp\/v2\/users\/96"}],"replies":[{"embeddable":true,"href":"https:\/\/diarioregionaldigital.com.br\/index.php?rest_route=%2Fwp%2Fv2%2Fcomments&post=135157"}],"version-history":[{"count":0,"href":"https:\/\/diarioregionaldigital.com.br\/index.php?rest_route=\/wp\/v2\/posts\/135157\/revisions"}],"wp:featuredmedia":[{"embeddable":true,"href":"https:\/\/diarioregionaldigital.com.br\/index.php?rest_route=\/wp\/v2\/media\/135159"}],"wp:attachment":[{"href":"https:\/\/diarioregionaldigital.com.br\/index.php?rest_route=%2Fwp%2Fv2%2Fmedia&parent=135157"}],"wp:term":[{"taxonomy":"category","embeddable":true,"href":"https:\/\/diarioregionaldigital.com.br\/index.php?rest_route=%2Fwp%2Fv2%2Fcategories&post=135157"},{"taxonomy":"post_tag","embeddable":true,"href":"https:\/\/diarioregionaldigital.com.br\/index.php?rest_route=%2Fwp%2Fv2%2Ftags&post=135157"}],"curies":[{"name":"wp","href":"https:\/\/api.w.org\/{rel}","templated":true}]}}