{"id":135152,"date":"2019-03-01T14:08:35","date_gmt":"2019-03-01T17:08:35","guid":{"rendered":"https:\/\/diarioregionaldigital.com.br\/?p=135152"},"modified":"2019-03-01T14:08:35","modified_gmt":"2019-03-01T17:08:35","slug":"folia-de-jf-ainda-tem-15-atracoes-ate-terca-feira","status":"publish","type":"post","link":"https:\/\/diarioregionaldigital.com.br\/?p=135152","title":{"rendered":"Folia de JF ainda tem 15 atra\u00e7\u00f5es at\u00e9 ter\u00e7a-feira"},"content":{"rendered":"<p>Mais 15 eventos da Folia de Momo acontecem em Juiz de Fora at\u00e9 a pr\u00f3xima semana. Aberta no dia 16 de janeiro, a programa\u00e7\u00e3o oficial s\u00f3 termina na ter\u00e7a-feira, 5, e tem atra\u00e7\u00f5es para todos os gostos.<\/p>\n<p>Nesta sexta-feira, 1\u00ba de mar\u00e7o, desfilam dois dos mais tradicionais blocos da cidade. O Pintinho de Ouro se concentra no Parque Halfeld, \u00e0s 16 horas. \u00c0s 19 horas, o bloco desce o cal\u00e7ad\u00e3o da Halfeld e atravessa a Avenida Get\u00falio Vargas, indo at\u00e9 a Pra\u00e7a da Esta\u00e7\u00e3o, cantando o tema \u201cBranca de Neve e os 99 pintinhos\u201d. Ney Gerald \u00e9 o int\u00e9rprete da agremia\u00e7\u00e3o, que ter\u00e1 alegoria e bateria pr\u00f3pria.<\/p>\n<p>Ainda na sexta-feira, o Bloco do Beco, criado pelo compositor juiz-forano Mam\u00e3o, ter\u00e1 concentra\u00e7\u00e3o tamb\u00e9m no Parque Halfeld, \u00e0s 18h30. Ao som da banda Samba do Beco, o desfile come\u00e7a \u00e0s 19h30, descendo a Rua Halfeld e dispersando entre a Rua Batista de Oliveira e a Avenida Get\u00falio Vargas. Este ano, o Beco faz uma homenagem aos \u201chomens iluminados de Juiz de Fora\u201d, como o ex-presidente Itamar Franco, que estampa o abad\u00e1.<\/p>\n<p>No s\u00e1bado, 2, aos 47 anos, a Banda Daki, patrim\u00f4nio imaterial da cidade, faz seu tradicional desfile. Os foli\u00f5es devem tomar as ruas, logo de manh\u00e3, para um carnaval de marchinhas e sambas-enredos. A concentra\u00e7\u00e3o come\u00e7a \u00e0s 10 horas, na Avenida Rio Branco, na altura do Pal\u00e1cio da Sa\u00fade. O desfile \u00e9 previsto para 13 horas e descer\u00e1 a avenida, comandado por Z\u00e9 Kodak, o General da Banda.<\/p>\n<p>Tamb\u00e9m no s\u00e1bado, o Bloco da Gabizoca re\u00fane a crian\u00e7ada na Pra\u00e7a CEU (Avenida Juscelino Kubitschek, 5.899 \u2013 Benfica), a partir das 13 horas, com entrada franca. A Trupe da Gabizoca vai promover recrea\u00e7\u00e3o infantil e concurso de fantasia, entre outras atra\u00e7\u00f5es. A anima\u00e7\u00e3o ficar\u00e1 por conta da Bateria da Escola de Samba Rivais da Primavera, de Benfica.<\/p>\n<p>A programa\u00e7\u00e3o segue no domingo, 3, quando acontece o 10\u00b0 Carnaval de Marchinhas, na Pra\u00e7a Alfredo Lage, no Manoel Hon\u00f3rio, \u00e0s 16 horas. Durante a primeira hora de evento, ser\u00e3o executadas m\u00fasicas infantis. Em seguida, ser\u00e1 a vez das marchinhas, MPB, ax\u00e9 e sertanejo.<\/p>\n<p><strong>Programa\u00e7\u00e3o completa<\/strong><\/p>\n<p>1\u00ba DE MAR\u00c7O \u2013 SEXTA-FEIRA<br \/>\n16h | Balan\u00e7a, mas n\u00e3o cai | Jardim Esperan\u00e7a<br \/>\n16h | Pintinho de Ouro | Parque Halfeld<br \/>\n18h30 | Bloco do Beco | Parque Halfeld<\/p>\n<p>2 DE MAR\u00c7O \u2013 S\u00c1BADO<br \/>\n10h | Banda Daki | Avenida Rio Branco na altura do Largo do Riachuelo<br \/>\n13h | Bloco da Gabizoca | Pra\u00e7a CEU | Benfica<br \/>\n16h | Bloco do Imp\u00e9rio | Travessa Capit\u00e3o Ar\u00e3o | Monte Castelo<br \/>\n16h | Balan\u00e7a, Mas N\u00e3o Cai | Pra\u00e7a na Rua Padre Ac\u00e1cio Duarte | Jardim Esperan\u00e7a<\/p>\n<p>3 DE MAR\u00c7O \u2013 DOMINGO<br \/>\n13h | Ninho du Urubu | Rua Duarte de Abreu | Mariano Proc\u00f3pio<br \/>\n16h | 10\u00ba Carnaval de Marchinhas | Pra\u00e7a Alfredo Lage | Manoel Hon\u00f3rio<br \/>\n16h | Unidos do Floresta | Alameda Mundo Novo | Floresta<\/p>\n<p>4 DE MAR\u00c7O \u2013 SEGUNDA-FEIRA<br \/>\n16h | Vai Quem Quer | Parque Halfeld<br \/>\n16h | Xicleteiros | Rua Alberto Guedes | Jardim Esperan\u00e7a<\/p>\n<p>5 DE MAR\u00c7O \u2013 TER\u00c7A-FEIRA<br \/>\n14h | Bloco Juntos e Misturados | Pra\u00e7a Ana Franco | Linhares<br \/>\n15h | Bloco do Lalado | Rua Padre Ac\u00e1cio Duarte | Jardim Esperan\u00e7a<\/p>\n<p>&nbsp;<\/p>\n<p>Fonte: PJF<\/p>\n","protected":false},"excerpt":{"rendered":"<p>Mais 15 eventos da Folia de Momo acontecem em Juiz de Fora at\u00e9 a pr\u00f3xima semana. Aberta no dia 16 de janeiro, a programa\u00e7\u00e3o oficial s\u00f3 termina na ter\u00e7a-feira, 5, e tem atra\u00e7\u00f5es para todos os gostos. Nesta sexta-feira, 1\u00ba de mar\u00e7o, desfilam dois dos mais tradicionais blocos da cidade. O Pintinho de Ouro se [&hellip;]<\/p>\n","protected":false},"author":96,"featured_media":135154,"comment_status":"closed","ping_status":"closed","sticky":false,"template":"","format":"standard","meta":{"footnotes":""},"categories":[253,436,440,262,439],"tags":[],"class_list":["post-135152","post","type-post","status-publish","format-standard","has-post-thumbnail","hentry","category-cidade","category-destaque-da-semana","category-destaques-do-dia","category-noticias","category-ultima-hora"],"_links":{"self":[{"href":"https:\/\/diarioregionaldigital.com.br\/index.php?rest_route=\/wp\/v2\/posts\/135152","targetHints":{"allow":["GET"]}}],"collection":[{"href":"https:\/\/diarioregionaldigital.com.br\/index.php?rest_route=\/wp\/v2\/posts"}],"about":[{"href":"https:\/\/diarioregionaldigital.com.br\/index.php?rest_route=\/wp\/v2\/types\/post"}],"author":[{"embeddable":true,"href":"https:\/\/diarioregionaldigital.com.br\/index.php?rest_route=\/wp\/v2\/users\/96"}],"replies":[{"embeddable":true,"href":"https:\/\/diarioregionaldigital.com.br\/index.php?rest_route=%2Fwp%2Fv2%2Fcomments&post=135152"}],"version-history":[{"count":0,"href":"https:\/\/diarioregionaldigital.com.br\/index.php?rest_route=\/wp\/v2\/posts\/135152\/revisions"}],"wp:featuredmedia":[{"embeddable":true,"href":"https:\/\/diarioregionaldigital.com.br\/index.php?rest_route=\/wp\/v2\/media\/135154"}],"wp:attachment":[{"href":"https:\/\/diarioregionaldigital.com.br\/index.php?rest_route=%2Fwp%2Fv2%2Fmedia&parent=135152"}],"wp:term":[{"taxonomy":"category","embeddable":true,"href":"https:\/\/diarioregionaldigital.com.br\/index.php?rest_route=%2Fwp%2Fv2%2Fcategories&post=135152"},{"taxonomy":"post_tag","embeddable":true,"href":"https:\/\/diarioregionaldigital.com.br\/index.php?rest_route=%2Fwp%2Fv2%2Ftags&post=135152"}],"curies":[{"name":"wp","href":"https:\/\/api.w.org\/{rel}","templated":true}]}}