{"id":135145,"date":"2019-03-01T14:02:47","date_gmt":"2019-03-01T17:02:47","guid":{"rendered":"https:\/\/diarioregionaldigital.com.br\/?p=135145"},"modified":"2019-03-01T14:02:47","modified_gmt":"2019-03-01T17:02:47","slug":"policia-civil-prende-homem-suspeito-de-ser-o-maior-fornecedor-de-anabolizantes-de-juiz-de-fora","status":"publish","type":"post","link":"https:\/\/diarioregionaldigital.com.br\/?p=135145","title":{"rendered":"Pol\u00edcia Civil prende homem suspeito de ser o maior fornecedor de anabolizantes de Juiz de Fora"},"content":{"rendered":"<p>Na manh\u00e3 desta sexta-feira, 1\u00ba de mar\u00e7o, a Pol\u00edcia Civil realizou a pris\u00e3o de um homem, 40 anos, suspeito de ser do maior fornecedor de anabolizantes de Juiz de Fora.<\/p>\n<p>De acordo com as informa\u00e7\u00f5es, o homem vendia anabolizantes, rem\u00e9dios para emagrecer e de venda controlado (tarja preta), al\u00e9m de fornecer para outros revendedores da cidade.<\/p>\n<p>O autor foi localizado quando estava saindo de uma casa em constru\u00e7\u00e3o, localizada no bairro Guaru\u00e1, para realizar a entrega dos produtos. Os policiais foram at\u00e9 o local, onde ele armazenada os produtos, e encontraram uma grande quantidade de medicamentos. Al\u00e9m dos medicamentos, foram localizados uma arma de fogo, muni\u00e7\u00f5es, aproximadamente R$15.000,00, carimbos e receitu\u00e1rios m\u00e9dicos.<\/p>\n<div id=\"attachment_135148\" style=\"width: 566px\" class=\"wp-caption aligncenter\"><img loading=\"lazy\" decoding=\"async\" aria-describedby=\"caption-attachment-135148\" class=\" wp-image-135148\" src=\"https:\/\/diarioregionaldigital.com.br\/wp-content\/uploads\/2019\/03\/WhatsApp-Image-2019-03-01-at-11.07.00-300x169.jpeg\" alt=\"\" width=\"556\" height=\"313\" srcset=\"https:\/\/diarioregionaldigital.com.br\/wp-content\/uploads\/2019\/03\/WhatsApp-Image-2019-03-01-at-11.07.00-300x169.jpeg 300w, https:\/\/diarioregionaldigital.com.br\/wp-content\/uploads\/2019\/03\/WhatsApp-Image-2019-03-01-at-11.07.00-768x432.jpeg 768w, https:\/\/diarioregionaldigital.com.br\/wp-content\/uploads\/2019\/03\/WhatsApp-Image-2019-03-01-at-11.07.00-1024x576.jpeg 1024w, https:\/\/diarioregionaldigital.com.br\/wp-content\/uploads\/2019\/03\/WhatsApp-Image-2019-03-01-at-11.07.00-360x203.jpeg 360w, https:\/\/diarioregionaldigital.com.br\/wp-content\/uploads\/2019\/03\/WhatsApp-Image-2019-03-01-at-11.07.00.jpeg 1280w\" sizes=\"auto, (max-width: 556px) 100vw, 556px\" \/><p id=\"caption-attachment-135148\" class=\"wp-caption-text\">Foto: Divulga\u00e7\u00e3o Pol\u00edcia Civil<\/p><\/div>\n<p>Segundo informa\u00e7\u00f5es da Pol\u00edcia Civil, o caso est\u00e1 em tramita\u00e7\u00e3o mas ser\u00e1 ratificado a pris\u00e3o do sujeito e ele ser\u00e1 encaminhado para uma unidade prisional.<\/p>\n<div id=\"attachment_135149\" style=\"width: 370px\" class=\"wp-caption aligncenter\"><img loading=\"lazy\" decoding=\"async\" aria-describedby=\"caption-attachment-135149\" class=\" wp-image-135149\" src=\"https:\/\/diarioregionaldigital.com.br\/wp-content\/uploads\/2019\/03\/WhatsApp-Image-2019-03-01-at-11.07.16-169x300.jpeg\" alt=\"\" width=\"360\" height=\"639\" srcset=\"https:\/\/diarioregionaldigital.com.br\/wp-content\/uploads\/2019\/03\/WhatsApp-Image-2019-03-01-at-11.07.16-169x300.jpeg 169w, https:\/\/diarioregionaldigital.com.br\/wp-content\/uploads\/2019\/03\/WhatsApp-Image-2019-03-01-at-11.07.16-576x1024.jpeg 576w, https:\/\/diarioregionaldigital.com.br\/wp-content\/uploads\/2019\/03\/WhatsApp-Image-2019-03-01-at-11.07.16-360x640.jpeg 360w, https:\/\/diarioregionaldigital.com.br\/wp-content\/uploads\/2019\/03\/WhatsApp-Image-2019-03-01-at-11.07.16.jpeg 585w\" sizes=\"auto, (max-width: 360px) 100vw, 360px\" \/><p id=\"caption-attachment-135149\" class=\"wp-caption-text\">Foto: Divulga\u00e7\u00e3o Pol\u00edcia Civil<\/p><\/div>\n","protected":false},"excerpt":{"rendered":"<p>Na manh\u00e3 desta sexta-feira, 1\u00ba de mar\u00e7o, a Pol\u00edcia Civil realizou a pris\u00e3o de um homem, 40 anos, suspeito de ser do maior fornecedor de anabolizantes de Juiz de Fora. De acordo com as informa\u00e7\u00f5es, o homem vendia anabolizantes, rem\u00e9dios para emagrecer e de venda controlado (tarja preta), al\u00e9m de fornecer para outros revendedores da [&hellip;]<\/p>\n","protected":false},"author":96,"featured_media":135147,"comment_status":"closed","ping_status":"closed","sticky":false,"template":"","format":"standard","meta":{"footnotes":""},"categories":[253,436,440,439],"tags":[],"class_list":["post-135145","post","type-post","status-publish","format-standard","has-post-thumbnail","hentry","category-cidade","category-destaque-da-semana","category-destaques-do-dia","category-ultima-hora"],"_links":{"self":[{"href":"https:\/\/diarioregionaldigital.com.br\/index.php?rest_route=\/wp\/v2\/posts\/135145","targetHints":{"allow":["GET"]}}],"collection":[{"href":"https:\/\/diarioregionaldigital.com.br\/index.php?rest_route=\/wp\/v2\/posts"}],"about":[{"href":"https:\/\/diarioregionaldigital.com.br\/index.php?rest_route=\/wp\/v2\/types\/post"}],"author":[{"embeddable":true,"href":"https:\/\/diarioregionaldigital.com.br\/index.php?rest_route=\/wp\/v2\/users\/96"}],"replies":[{"embeddable":true,"href":"https:\/\/diarioregionaldigital.com.br\/index.php?rest_route=%2Fwp%2Fv2%2Fcomments&post=135145"}],"version-history":[{"count":0,"href":"https:\/\/diarioregionaldigital.com.br\/index.php?rest_route=\/wp\/v2\/posts\/135145\/revisions"}],"wp:featuredmedia":[{"embeddable":true,"href":"https:\/\/diarioregionaldigital.com.br\/index.php?rest_route=\/wp\/v2\/media\/135147"}],"wp:attachment":[{"href":"https:\/\/diarioregionaldigital.com.br\/index.php?rest_route=%2Fwp%2Fv2%2Fmedia&parent=135145"}],"wp:term":[{"taxonomy":"category","embeddable":true,"href":"https:\/\/diarioregionaldigital.com.br\/index.php?rest_route=%2Fwp%2Fv2%2Fcategories&post=135145"},{"taxonomy":"post_tag","embeddable":true,"href":"https:\/\/diarioregionaldigital.com.br\/index.php?rest_route=%2Fwp%2Fv2%2Ftags&post=135145"}],"curies":[{"name":"wp","href":"https:\/\/api.w.org\/{rel}","templated":true}]}}