{"id":135141,"date":"2019-03-01T13:56:42","date_gmt":"2019-03-01T16:56:42","guid":{"rendered":"https:\/\/diarioregionaldigital.com.br\/?p=135141"},"modified":"2019-03-01T13:56:42","modified_gmt":"2019-03-01T16:56:42","slug":"agencias-bancarias-so-voltam-a-abrir-na-quarta-feira-as-12h","status":"publish","type":"post","link":"https:\/\/diarioregionaldigital.com.br\/?p=135141","title":{"rendered":"Ag\u00eancias banc\u00e1rias s\u00f3 voltam a abrir na quarta-feira \u00e0s 12h"},"content":{"rendered":"<p>Sexta-feira, 1, v\u00e9spera de feriado prolongado de carnaval, \u00e9 o \u00faltimo dia de funcionamento normal dos bancos. A Federa\u00e7\u00e3o Brasileira de Bancos (Febraban) informa que as ag\u00eancias banc\u00e1rias estar\u00e3o fechadas para atendimento ao p\u00fablico na segunda-feira, 4, e na ter\u00e7a-feira, 5. Na quarta-feira de cinzas, 6, os bancos abrir\u00e3o a partir do meio-dia, com exce\u00e7\u00e3o do estado do Rio de Janeiro no qual, em fun\u00e7\u00e3o da Lei 8217 que estabelece feriado estadual, n\u00e3o h\u00e1 expediente em 6 de mar\u00e7o.<\/p>\n<p>A entidade lembra que a popula\u00e7\u00e3o pode utilizar os canais eletr\u00f4nicos e correspondentes para o pagamento das contas. Al\u00e9m disso, os tributos que possuem c\u00f3digo de barras podem ter o seu pagamento agendado nos caixas eletr\u00f4nicos, no internet banking e pelo atendimento telef\u00f4nico dos bancos. J\u00e1 os boletos banc\u00e1rios de clientes cadastrados como sacados eletr\u00f4nicos poder\u00e3o ser pagos via DDA (D\u00e9bito Direto Autorizado).<\/p>\n<p>As contas de consumo (\u00e1gua, energia, telefone etc.) e carn\u00eas com vencimento em 4 ou 5 de mar\u00e7o poder\u00e3o ser pagas, sem acr\u00e9scimo, na quarta-feira, 6. Normalmente, os tributos j\u00e1 v\u00eam com datas ajustadas ao calend\u00e1rio de feriados nacionais, estaduais e municipais. Caso isso n\u00e3o tenha ocorrido no documento de arrecada\u00e7\u00e3o, a sugest\u00e3o \u00e9 antecipar o pagamento.<\/p>\n<p>J\u00e1 para aqueles clientes que passar\u00e3o a semana inteira viajando e n\u00e3o dispensam a ida a uma ag\u00eancia, \u00e9 poss\u00edvel consultar o endere\u00e7o dos bancos no<em>\u00a0site\u00a0<\/em>Busca Banco da Febraban. Basta acessar o link\u00a0www.buscabanco.com.br\u00a0e fazer a busca de acordo com o Estado e munic\u00edpio desejado.<\/p>\n<p>&nbsp;<\/p>\n<p>Fonte: Ag\u00eancia Brasil<\/p>\n","protected":false},"excerpt":{"rendered":"<p>Sexta-feira, 1, v\u00e9spera de feriado prolongado de carnaval, \u00e9 o \u00faltimo dia de funcionamento normal dos bancos. A Federa\u00e7\u00e3o Brasileira de Bancos (Febraban) informa que as ag\u00eancias banc\u00e1rias estar\u00e3o fechadas para atendimento ao p\u00fablico na segunda-feira, 4, e na ter\u00e7a-feira, 5. Na quarta-feira de cinzas, 6, os bancos abrir\u00e3o a partir do meio-dia, com exce\u00e7\u00e3o [&hellip;]<\/p>\n","protected":false},"author":96,"featured_media":135142,"comment_status":"closed","ping_status":"closed","sticky":false,"template":"","format":"standard","meta":{"footnotes":""},"categories":[302,436,262,439],"tags":[],"class_list":["post-135141","post","type-post","status-publish","format-standard","has-post-thumbnail","hentry","category-brasil-mundo","category-destaque-da-semana","category-noticias","category-ultima-hora"],"_links":{"self":[{"href":"https:\/\/diarioregionaldigital.com.br\/index.php?rest_route=\/wp\/v2\/posts\/135141","targetHints":{"allow":["GET"]}}],"collection":[{"href":"https:\/\/diarioregionaldigital.com.br\/index.php?rest_route=\/wp\/v2\/posts"}],"about":[{"href":"https:\/\/diarioregionaldigital.com.br\/index.php?rest_route=\/wp\/v2\/types\/post"}],"author":[{"embeddable":true,"href":"https:\/\/diarioregionaldigital.com.br\/index.php?rest_route=\/wp\/v2\/users\/96"}],"replies":[{"embeddable":true,"href":"https:\/\/diarioregionaldigital.com.br\/index.php?rest_route=%2Fwp%2Fv2%2Fcomments&post=135141"}],"version-history":[{"count":0,"href":"https:\/\/diarioregionaldigital.com.br\/index.php?rest_route=\/wp\/v2\/posts\/135141\/revisions"}],"wp:featuredmedia":[{"embeddable":true,"href":"https:\/\/diarioregionaldigital.com.br\/index.php?rest_route=\/wp\/v2\/media\/135142"}],"wp:attachment":[{"href":"https:\/\/diarioregionaldigital.com.br\/index.php?rest_route=%2Fwp%2Fv2%2Fmedia&parent=135141"}],"wp:term":[{"taxonomy":"category","embeddable":true,"href":"https:\/\/diarioregionaldigital.com.br\/index.php?rest_route=%2Fwp%2Fv2%2Fcategories&post=135141"},{"taxonomy":"post_tag","embeddable":true,"href":"https:\/\/diarioregionaldigital.com.br\/index.php?rest_route=%2Fwp%2Fv2%2Ftags&post=135141"}],"curies":[{"name":"wp","href":"https:\/\/api.w.org\/{rel}","templated":true}]}}