{"id":135137,"date":"2019-03-01T13:48:57","date_gmt":"2019-03-01T16:48:57","guid":{"rendered":"https:\/\/diarioregionaldigital.com.br\/?p=135137"},"modified":"2019-03-01T13:51:21","modified_gmt":"2019-03-01T16:51:21","slug":"prf-inicia-operacao-carnaval-2019-em-todos-os-estados","status":"publish","type":"post","link":"https:\/\/diarioregionaldigital.com.br\/?p=135137","title":{"rendered":"PRF inicia Opera\u00e7\u00e3o Carnaval 2019 em todos os estados"},"content":{"rendered":"<p>Agentes da Pol\u00edcia Rodovi\u00e1ria Federal (PRF) intensificaram a fiscaliza\u00e7\u00e3o e monitoramento de estradas em todos os estados, desde a 0h desta sexta-feira, 1, quando come\u00e7ou a Opera\u00e7\u00e3o Carnaval 2019. As a\u00e7\u00f5es que continuam at\u00e9 as 23h59 de Quarta-feira de Cinzas, 6, v\u00e3o se concentrar, principalmente, em pontos estrat\u00e9gicos definidos pela institui\u00e7\u00e3o e em estradas regionais dos estados de Minas Gerais, Paran\u00e1, Santa Catarina e Bahia.<\/p>\n<p>Em nota, a PRF explicou que levantamentos sobre o per\u00edodo carnavalesco apontam que esses estados concentraram quase 30% do total de acidentes de natureza grave nos carnavais dos \u00faltimos cinco anos. No caso das rodovias do Rio de Janeiro, policiais atuar\u00e3o com o apoio da For\u00e7a Nacional.<\/p>\n<p>\u201cA festa carnavalesca, tradicionalmente um momento de celebra\u00e7\u00e3o e alegria por grande parte do povo brasileiro, tamb\u00e9m \u00e9 reconhecidamente um per\u00edodo em que os riscos nas nossas rodovias se tornam maiores. Em parte, pelo aumento consider\u00e1vel no n\u00famero de ve\u00edculos transitando pelas estradas, mas tamb\u00e9m e principalmente, pelo lament\u00e1vel h\u00e1bito que boa parte de nossos motoristas ainda conserva: dirigir ap\u00f3s consumir bebidas alco\u00f3licas\u201d, destacou a assessoria da PRF.<\/p>\n<p>A estrat\u00e9gia desenhada pela institui\u00e7\u00e3o inclui a redu\u00e7\u00e3o do fluxo dos ve\u00edculos de carga e refor\u00e7o de a\u00e7\u00f5es de policiamento preventivo em locais e hor\u00e1rios de maior incid\u00eancia de acidentes graves e de criminalidade. Todo o efetivo foi mobilizado para atuar no per\u00edodo em atividades operacionais e administrativas ao longo dos mais de 70 mil quil\u00f4metros de estradas do pa\u00eds.<\/p>\n<p>Pelo menos 600 motociclistas e mais de duas mil viaturas para a opera\u00e7\u00e3o atuar\u00e3o na Opera\u00e7\u00e3o Carnaval. Os policiais tamb\u00e9m receberam equipamentos como radares e mais de 1,5 mil baf\u00f4metros.<\/p>\n<p>&nbsp;<\/p>\n<p>Fonte: Ag\u00eancia Brasil<\/p>\n","protected":false},"excerpt":{"rendered":"<p>Agentes da Pol\u00edcia Rodovi\u00e1ria Federal (PRF) intensificaram a fiscaliza\u00e7\u00e3o e monitoramento de estradas em todos os estados, desde a 0h desta sexta-feira, 1, quando come\u00e7ou a Opera\u00e7\u00e3o Carnaval 2019. As a\u00e7\u00f5es que continuam at\u00e9 as 23h59 de Quarta-feira de Cinzas, 6, v\u00e3o se concentrar, principalmente, em pontos estrat\u00e9gicos definidos pela institui\u00e7\u00e3o e em estradas regionais [&hellip;]<\/p>\n","protected":false},"author":96,"featured_media":135138,"comment_status":"closed","ping_status":"closed","sticky":false,"template":"","format":"standard","meta":{"footnotes":""},"categories":[302,436,262,439],"tags":[],"class_list":["post-135137","post","type-post","status-publish","format-standard","has-post-thumbnail","hentry","category-brasil-mundo","category-destaque-da-semana","category-noticias","category-ultima-hora"],"_links":{"self":[{"href":"https:\/\/diarioregionaldigital.com.br\/index.php?rest_route=\/wp\/v2\/posts\/135137","targetHints":{"allow":["GET"]}}],"collection":[{"href":"https:\/\/diarioregionaldigital.com.br\/index.php?rest_route=\/wp\/v2\/posts"}],"about":[{"href":"https:\/\/diarioregionaldigital.com.br\/index.php?rest_route=\/wp\/v2\/types\/post"}],"author":[{"embeddable":true,"href":"https:\/\/diarioregionaldigital.com.br\/index.php?rest_route=\/wp\/v2\/users\/96"}],"replies":[{"embeddable":true,"href":"https:\/\/diarioregionaldigital.com.br\/index.php?rest_route=%2Fwp%2Fv2%2Fcomments&post=135137"}],"version-history":[{"count":0,"href":"https:\/\/diarioregionaldigital.com.br\/index.php?rest_route=\/wp\/v2\/posts\/135137\/revisions"}],"wp:featuredmedia":[{"embeddable":true,"href":"https:\/\/diarioregionaldigital.com.br\/index.php?rest_route=\/wp\/v2\/media\/135138"}],"wp:attachment":[{"href":"https:\/\/diarioregionaldigital.com.br\/index.php?rest_route=%2Fwp%2Fv2%2Fmedia&parent=135137"}],"wp:term":[{"taxonomy":"category","embeddable":true,"href":"https:\/\/diarioregionaldigital.com.br\/index.php?rest_route=%2Fwp%2Fv2%2Fcategories&post=135137"},{"taxonomy":"post_tag","embeddable":true,"href":"https:\/\/diarioregionaldigital.com.br\/index.php?rest_route=%2Fwp%2Fv2%2Ftags&post=135137"}],"curies":[{"name":"wp","href":"https:\/\/api.w.org\/{rel}","templated":true}]}}