{"id":135120,"date":"2019-03-03T06:00:11","date_gmt":"2019-03-03T09:00:11","guid":{"rendered":"https:\/\/diarioregionaldigital.com.br\/?p=135120"},"modified":"2019-02-28T20:07:30","modified_gmt":"2019-02-28T23:07:30","slug":"em-sampa","status":"publish","type":"post","link":"https:\/\/diarioregionaldigital.com.br\/?p=135120","title":{"rendered":"Em Sampa"},"content":{"rendered":"<p style=\"text-align: center;\"><strong>Frequ\u00eancia-astral<\/strong><\/p>\n<p style=\"text-align: center;\">Com sua energia e alto astral, a blogueira mirim Duda del Duca vai estrear na Marqu\u00eas de Sapuca\u00ed como musa da escola Infantes do Lins, na ter\u00e7a-feira de Carnaval.<\/p>\n<p style=\"text-align: center;\"><strong>Pula-Pula<\/strong><\/p>\n<p style=\"text-align: center;\">Em cena ziriguidum o domingo de carnaval vai explodir com o baile a fantasia do Clube Cascatinha. A festa ser\u00e1 comandada por Z\u00e9 Abelha, al\u00e9m da participa\u00e7\u00e3o especial da Bateria Swing Samba Show, do Mestre Jansen.<\/p>\n<p style=\"text-align: center;\"><strong>Encaminhando<\/strong><\/p>\n<p style=\"text-align: center;\">\u201cHomem \u00e9 igual pedreiro. Quandro come\u00e7a a enrolar \u00e9 porque j\u00e1 est\u00e1 em outra obra\u201d. Feliz Carnaval.<\/p>\n<p style=\"text-align: center;\"><strong>Sertanejo<\/strong><\/p>\n<p style=\"text-align: center;\">O uniforme dos caub\u00f3is invade as ruas esbanjando feminilidade. Para incorporar o look de forma elegante, comece por acess\u00f3rios que d\u00e3o o tom da temporada: botas, franjas e bandanas n\u00e3o podem faltar. Ai\u00f4, Silver!<\/p>\n<p style=\"text-align: center;\"><strong>Em Sampa<\/strong><\/p>\n<p style=\"text-align: center;\">Jovens e talentosos, os irm\u00e3os e oftalmologistas Vanessa e Ricardo Paletta Guedes estiveram em S\u00e3o Paulo para palestra e lan\u00e7amento do livro \u201cManual pr\u00e1tico para cirurgias microinvasivas do glaucoma\u201d. O evento contou com a presen\u00e7a da presidente da Sociedade Brasileira de Glaucoma, Wilma Lelis Barbosa.<\/p>\n<div id=\"attachment_135068\" style=\"width: 690px\" class=\"wp-caption aligncenter\"><img loading=\"lazy\" decoding=\"async\" aria-describedby=\"caption-attachment-135068\" class=\"wp-image-135068\" src=\"https:\/\/diarioregionaldigital.com.br\/wp-content\/uploads\/2019\/02\/fotoaa-13-e1551389529254.jpg\" alt=\"\" width=\"680\" height=\"510\" srcset=\"https:\/\/diarioregionaldigital.com.br\/wp-content\/uploads\/2019\/02\/fotoaa-13-e1551389529254.jpg 640w, https:\/\/diarioregionaldigital.com.br\/wp-content\/uploads\/2019\/02\/fotoaa-13-e1551389529254-300x225.jpg 300w, https:\/\/diarioregionaldigital.com.br\/wp-content\/uploads\/2019\/02\/fotoaa-13-e1551389529254-360x270.jpg 360w\" sizes=\"auto, (max-width: 680px) 100vw, 680px\" \/><p id=\"caption-attachment-135068\" class=\"wp-caption-text\">Mulheres maravilhosas de JF, na festa do Bloco Come Quieto, no Terrazzo, Nyta, Tassiane e Matsui<\/p><\/div>\n<div id=\"attachment_135069\" style=\"width: 690px\" class=\"wp-caption aligncenter\"><img loading=\"lazy\" decoding=\"async\" aria-describedby=\"caption-attachment-135069\" class=\"wp-image-135069\" src=\"https:\/\/diarioregionaldigital.com.br\/wp-content\/uploads\/2019\/02\/fotob-14-e1551389560866.jpg\" alt=\"\" width=\"680\" height=\"475\" srcset=\"https:\/\/diarioregionaldigital.com.br\/wp-content\/uploads\/2019\/02\/fotob-14-e1551389560866.jpg 1601w, https:\/\/diarioregionaldigital.com.br\/wp-content\/uploads\/2019\/02\/fotob-14-e1551389560866-300x210.jpg 300w, https:\/\/diarioregionaldigital.com.br\/wp-content\/uploads\/2019\/02\/fotob-14-e1551389560866-768x537.jpg 768w, https:\/\/diarioregionaldigital.com.br\/wp-content\/uploads\/2019\/02\/fotob-14-e1551389560866-1024x716.jpg 1024w, https:\/\/diarioregionaldigital.com.br\/wp-content\/uploads\/2019\/02\/fotob-14-e1551389560866-360x252.jpg 360w, https:\/\/diarioregionaldigital.com.br\/wp-content\/uploads\/2019\/02\/fotob-14-e1551389560866-100x70.jpg 100w\" sizes=\"auto, (max-width: 680px) 100vw, 680px\" \/><p id=\"caption-attachment-135069\" class=\"wp-caption-text\">No Bloco do Privilage no Vitorino, a anfitri\u00e3 Orneides Lima recebeu Raquel Alves e Eduardo Gomes<\/p><\/div>\n<div id=\"attachment_135070\" style=\"width: 690px\" class=\"wp-caption aligncenter\"><img loading=\"lazy\" decoding=\"async\" aria-describedby=\"caption-attachment-135070\" class=\"wp-image-135070\" src=\"https:\/\/diarioregionaldigital.com.br\/wp-content\/uploads\/2019\/02\/fotoc-15-e1551389582264.jpg\" alt=\"\" width=\"680\" height=\"469\" srcset=\"https:\/\/diarioregionaldigital.com.br\/wp-content\/uploads\/2019\/02\/fotoc-15-e1551389582264.jpg 1689w, https:\/\/diarioregionaldigital.com.br\/wp-content\/uploads\/2019\/02\/fotoc-15-e1551389582264-300x207.jpg 300w, https:\/\/diarioregionaldigital.com.br\/wp-content\/uploads\/2019\/02\/fotoc-15-e1551389582264-768x529.jpg 768w, https:\/\/diarioregionaldigital.com.br\/wp-content\/uploads\/2019\/02\/fotoc-15-e1551389582264-1024x706.jpg 1024w, https:\/\/diarioregionaldigital.com.br\/wp-content\/uploads\/2019\/02\/fotoc-15-e1551389582264-360x248.jpg 360w, https:\/\/diarioregionaldigital.com.br\/wp-content\/uploads\/2019\/02\/fotoc-15-e1551389582264-100x70.jpg 100w\" sizes=\"auto, (max-width: 680px) 100vw, 680px\" \/><p id=\"caption-attachment-135070\" class=\"wp-caption-text\">Lindas e maravilhosas no Bloco Parangol\u00e9 Valvulado, Fernanda Brasileiro, Erika Salazar e Andr\u00e9a Andrade<\/p><\/div>\n<div id=\"attachment_135071\" style=\"width: 690px\" class=\"wp-caption aligncenter\"><img loading=\"lazy\" decoding=\"async\" aria-describedby=\"caption-attachment-135071\" class=\"wp-image-135071\" src=\"https:\/\/diarioregionaldigital.com.br\/wp-content\/uploads\/2019\/02\/fotod-16-e1551389603706.jpg\" alt=\"\" width=\"680\" height=\"467\" srcset=\"https:\/\/diarioregionaldigital.com.br\/wp-content\/uploads\/2019\/02\/fotod-16-e1551389603706.jpg 1638w, https:\/\/diarioregionaldigital.com.br\/wp-content\/uploads\/2019\/02\/fotod-16-e1551389603706-300x206.jpg 300w, https:\/\/diarioregionaldigital.com.br\/wp-content\/uploads\/2019\/02\/fotod-16-e1551389603706-768x527.jpg 768w, https:\/\/diarioregionaldigital.com.br\/wp-content\/uploads\/2019\/02\/fotod-16-e1551389603706-1024x703.jpg 1024w, https:\/\/diarioregionaldigital.com.br\/wp-content\/uploads\/2019\/02\/fotod-16-e1551389603706-360x247.jpg 360w, https:\/\/diarioregionaldigital.com.br\/wp-content\/uploads\/2019\/02\/fotod-16-e1551389603706-100x70.jpg 100w\" sizes=\"auto, (max-width: 680px) 100vw, 680px\" \/><p id=\"caption-attachment-135071\" class=\"wp-caption-text\">Gente querida no Bloco Eu e Voc\u00ea, Z\u00e9 Kodak, Sandra Alves e Carlos Guedes (homenageado)<\/p><\/div>\n<div id=\"attachment_135072\" style=\"width: 690px\" class=\"wp-caption aligncenter\"><img loading=\"lazy\" decoding=\"async\" aria-describedby=\"caption-attachment-135072\" class=\"wp-image-135072\" src=\"https:\/\/diarioregionaldigital.com.br\/wp-content\/uploads\/2019\/02\/fotoe-11-e1551389633856.jpg\" alt=\"\" width=\"680\" height=\"540\" srcset=\"https:\/\/diarioregionaldigital.com.br\/wp-content\/uploads\/2019\/02\/fotoe-11-e1551389633856.jpg 1170w, https:\/\/diarioregionaldigital.com.br\/wp-content\/uploads\/2019\/02\/fotoe-11-e1551389633856-300x238.jpg 300w, https:\/\/diarioregionaldigital.com.br\/wp-content\/uploads\/2019\/02\/fotoe-11-e1551389633856-768x610.jpg 768w, https:\/\/diarioregionaldigital.com.br\/wp-content\/uploads\/2019\/02\/fotoe-11-e1551389633856-1024x813.jpg 1024w, https:\/\/diarioregionaldigital.com.br\/wp-content\/uploads\/2019\/02\/fotoe-11-e1551389633856-360x286.jpg 360w\" sizes=\"auto, (max-width: 680px) 100vw, 680px\" \/><p id=\"caption-attachment-135072\" class=\"wp-caption-text\">Curtindo o Bloco Parangol\u00e9 Valvulado, Nelson Resende e Oswaldo Fernandes Filho<\/p><\/div>\n<p><img loading=\"lazy\" decoding=\"async\" class=\"aligncenter size-full wp-image-134925\" src=\"https:\/\/diarioregionaldigital.com.br\/wp-content\/uploads\/2019\/02\/Viva-Ver\u00e3o-2019_02_6x26.jpg\" alt=\"\" width=\"1000\" height=\"882\" srcset=\"https:\/\/diarioregionaldigital.com.br\/wp-content\/uploads\/2019\/02\/Viva-Ver\u00e3o-2019_02_6x26.jpg 1000w, https:\/\/diarioregionaldigital.com.br\/wp-content\/uploads\/2019\/02\/Viva-Ver\u00e3o-2019_02_6x26-300x265.jpg 300w, https:\/\/diarioregionaldigital.com.br\/wp-content\/uploads\/2019\/02\/Viva-Ver\u00e3o-2019_02_6x26-768x677.jpg 768w, https:\/\/diarioregionaldigital.com.br\/wp-content\/uploads\/2019\/02\/Viva-Ver\u00e3o-2019_02_6x26-360x318.jpg 360w, https:\/\/diarioregionaldigital.com.br\/wp-content\/uploads\/2019\/02\/Viva-Ver\u00e3o-2019_02_6x26-555x490.jpg 555w\" sizes=\"auto, (max-width: 1000px) 100vw, 1000px\" \/><\/p>\n","protected":false},"excerpt":{"rendered":"<p>Frequ\u00eancia-astral Com sua energia e alto astral, a blogueira mirim Duda del Duca vai estrear na Marqu\u00eas de Sapuca\u00ed como musa da escola Infantes do Lins, na ter\u00e7a-feira de Carnaval. Pula-Pula Em cena ziriguidum o domingo de carnaval vai explodir com o baile a fantasia do Clube Cascatinha. A festa ser\u00e1 comandada por Z\u00e9 Abelha, [&hellip;]<\/p>\n","protected":false},"author":96,"featured_media":135068,"comment_status":"closed","ping_status":"closed","sticky":false,"template":"","format":"standard","meta":{"footnotes":""},"categories":[264],"tags":[],"class_list":["post-135120","post","type-post","status-publish","format-standard","has-post-thumbnail","hentry","category-eduardo-gomes"],"_links":{"self":[{"href":"https:\/\/diarioregionaldigital.com.br\/index.php?rest_route=\/wp\/v2\/posts\/135120","targetHints":{"allow":["GET"]}}],"collection":[{"href":"https:\/\/diarioregionaldigital.com.br\/index.php?rest_route=\/wp\/v2\/posts"}],"about":[{"href":"https:\/\/diarioregionaldigital.com.br\/index.php?rest_route=\/wp\/v2\/types\/post"}],"author":[{"embeddable":true,"href":"https:\/\/diarioregionaldigital.com.br\/index.php?rest_route=\/wp\/v2\/users\/96"}],"replies":[{"embeddable":true,"href":"https:\/\/diarioregionaldigital.com.br\/index.php?rest_route=%2Fwp%2Fv2%2Fcomments&post=135120"}],"version-history":[{"count":0,"href":"https:\/\/diarioregionaldigital.com.br\/index.php?rest_route=\/wp\/v2\/posts\/135120\/revisions"}],"wp:featuredmedia":[{"embeddable":true,"href":"https:\/\/diarioregionaldigital.com.br\/index.php?rest_route=\/wp\/v2\/media\/135068"}],"wp:attachment":[{"href":"https:\/\/diarioregionaldigital.com.br\/index.php?rest_route=%2Fwp%2Fv2%2Fmedia&parent=135120"}],"wp:term":[{"taxonomy":"category","embeddable":true,"href":"https:\/\/diarioregionaldigital.com.br\/index.php?rest_route=%2Fwp%2Fv2%2Fcategories&post=135120"},{"taxonomy":"post_tag","embeddable":true,"href":"https:\/\/diarioregionaldigital.com.br\/index.php?rest_route=%2Fwp%2Fv2%2Ftags&post=135120"}],"curies":[{"name":"wp","href":"https:\/\/api.w.org\/{rel}","templated":true}]}}