{"id":135118,"date":"2019-03-01T06:00:13","date_gmt":"2019-03-01T09:00:13","guid":{"rendered":"https:\/\/diarioregionaldigital.com.br\/?p=135118"},"modified":"2019-02-28T20:01:15","modified_gmt":"2019-02-28T23:01:15","slug":"comarca-de-juiz-de-fora-leilao-01-03-19","status":"publish","type":"post","link":"https:\/\/diarioregionaldigital.com.br\/?p=135118","title":{"rendered":"Comarca de Juiz de Fora &#8211; Leil\u00e3o &#8211; 01\/03\/19"},"content":{"rendered":"<p style=\"text-align: center;\">Comarca de Juiz de Fora-MG-Edital de Leil\u00e3o- O Dr. S\u00e9rgio Murilo Pacelli, MM.Juiz de Direito da 8\u00aa.Vara C\u00edvel ,FAZ\u00a0 SABER, a quantos o presente edital virem, ou dele conhecimento tiverem, que no dia <u>27 (vinte e sete) de<\/u> <u>mar\u00e7o de 2019, \u00e1s quatorze(14) horas<\/u>, no Sagu\u00e3o do F\u00f3rum Benjamim Colucci, sito \u00e1 Rua Marechal Deodoro 662, nesta, ser\u00e1 levado \u00e0 P\u00fablico\u00a0 PRIMEIRO\u00a0 LEIL\u00c3O\u00a0 de Venda e Arremata\u00e7\u00e3o, a quem mais der e melhor Lance oferecer acima da avalia\u00e7\u00e3o, <u>na A\u00e7\u00e3o de\u00a0 \u00a0CUMPRIMENTO DE SENTEN\u00c7A \u00a0,PROCESSO \u00a0no. 0145.02.010.162-5, que\u00a0 R\u00daBEN FERNANDES DA SILVA,move \u00e1 \u00a0AGUIAR VILLELA ENGENHARIA E CONSTRU\u00c7\u00d5ES LTDA.-ME,o seguinte bem- Im\u00f3vel matr\u00edcula no<\/u>. 30.337,do livro 2, do cart\u00f3rio do 3\u00ba.Of\u00edcio de Registro de Im\u00f3veis,representado pelo Lote no. 151,da quadra 18(dezoito),situado \u00e1 Rua\u00a0 H\u00e9lio Noronha,Bairro Nova Benfica,nesta cidade de Juiz de Fora,MG.,confrontando de uma lado com a servid\u00e3o(escad\u00e3o),que liga referido logradouro \u00e0 av. Pedro Timponi; pelos\u00a0 fundos com a referida avenida e,pelo outro lado com o lote 152- Valor da avalia\u00e7\u00e3o-R$54.000,00(cinq\u00fcenta e quatro mil reais)-cabendo ao arrematante , o pagamento da import\u00e2ncia de 5%,para pagamento de comiss\u00e3o de leiloeira e verifica\u00e7\u00e3o das condi\u00e7\u00f5es do Im\u00f3vel.Caso o mesmo n\u00e3o seja arrematado em Primeiro Leil\u00e3o, ser\u00e1 novamente apregoado em SEGUNDO LEIL\u00c3O, dia 08 de abril de 2019 no mesmo local e hora,a quem mais der e melhor Lance oferecer, desde que o valor, n\u00e3o seja Vil.Tudo em conformidade com o art.890 e seguintes do NCPC. Ficam desde j\u00e1,intimados\u00a0 as partes das designa\u00e7\u00f5es supra.<u>Informa\u00e7\u00f5es,Condi\u00e7\u00f5es de Pagamento e Cadastramento site <\/u><a href=\"http:\/\/WWW.angelabecharaleiloes.com.br\">WWW.angelabecharaleiloes.com.br<\/a><u> tels<\/u> 32 999888149- 32118667 \u00a0e email- <a href=\"mailto:angela@powermail.com.br.Juiz\">angela@powermail.com.br.Juiz<\/a> Fora, 11 de fevereiro de 2019&#8230;&#8230;&#8230;&#8230;&#8230;.Angela\u00a0 Bechara-Leiloeira Oficial mat.077.<\/p>\n","protected":false},"excerpt":{"rendered":"<p>Comarca de Juiz de Fora-MG-Edital de Leil\u00e3o- O Dr. S\u00e9rgio Murilo Pacelli, MM.Juiz de Direito da 8\u00aa.Vara C\u00edvel ,FAZ\u00a0 SABER, a quantos o presente edital virem, ou dele conhecimento tiverem, que no dia 27 (vinte e sete) de mar\u00e7o de 2019, \u00e1s quatorze(14) horas, no Sagu\u00e3o do F\u00f3rum Benjamim Colucci, sito \u00e1 Rua Marechal Deodoro [&hellip;]<\/p>\n","protected":false},"author":96,"featured_media":0,"comment_status":"closed","ping_status":"closed","sticky":false,"template":"","format":"standard","meta":{"footnotes":""},"categories":[307],"tags":[],"class_list":["post-135118","post","type-post","status-publish","format-standard","hentry","category-editais"],"_links":{"self":[{"href":"https:\/\/diarioregionaldigital.com.br\/index.php?rest_route=\/wp\/v2\/posts\/135118","targetHints":{"allow":["GET"]}}],"collection":[{"href":"https:\/\/diarioregionaldigital.com.br\/index.php?rest_route=\/wp\/v2\/posts"}],"about":[{"href":"https:\/\/diarioregionaldigital.com.br\/index.php?rest_route=\/wp\/v2\/types\/post"}],"author":[{"embeddable":true,"href":"https:\/\/diarioregionaldigital.com.br\/index.php?rest_route=\/wp\/v2\/users\/96"}],"replies":[{"embeddable":true,"href":"https:\/\/diarioregionaldigital.com.br\/index.php?rest_route=%2Fwp%2Fv2%2Fcomments&post=135118"}],"version-history":[{"count":0,"href":"https:\/\/diarioregionaldigital.com.br\/index.php?rest_route=\/wp\/v2\/posts\/135118\/revisions"}],"wp:attachment":[{"href":"https:\/\/diarioregionaldigital.com.br\/index.php?rest_route=%2Fwp%2Fv2%2Fmedia&parent=135118"}],"wp:term":[{"taxonomy":"category","embeddable":true,"href":"https:\/\/diarioregionaldigital.com.br\/index.php?rest_route=%2Fwp%2Fv2%2Fcategories&post=135118"},{"taxonomy":"post_tag","embeddable":true,"href":"https:\/\/diarioregionaldigital.com.br\/index.php?rest_route=%2Fwp%2Fv2%2Ftags&post=135118"}],"curies":[{"name":"wp","href":"https:\/\/api.w.org\/{rel}","templated":true}]}}