{"id":135115,"date":"2019-03-01T06:00:21","date_gmt":"2019-03-01T09:00:21","guid":{"rendered":"https:\/\/diarioregionaldigital.com.br\/?p=135115"},"modified":"2019-02-28T19:59:04","modified_gmt":"2019-02-28T22:59:04","slug":"edital-de-convocacao-assembleia-geral-extraordinaria-01-03-19","status":"publish","type":"post","link":"https:\/\/diarioregionaldigital.com.br\/?p=135115","title":{"rendered":"Edital de Convoca\u00e7\u00e3o &#8211; Assembl\u00e9ia Geral Extraordin\u00e1ria &#8211; 01\/03\/19"},"content":{"rendered":"<p><img loading=\"lazy\" decoding=\"async\" class=\"aligncenter wp-image-135116\" src=\"https:\/\/diarioregionaldigital.com.br\/wp-content\/uploads\/2019\/02\/COND-VOVO-JOAQUIM-CONVOCA\u00c7\u00c3O.jpg\" alt=\"\" width=\"500\" height=\"618\" srcset=\"https:\/\/diarioregionaldigital.com.br\/wp-content\/uploads\/2019\/02\/COND-VOVO-JOAQUIM-CONVOCA\u00c7\u00c3O.jpg 1256w, https:\/\/diarioregionaldigital.com.br\/wp-content\/uploads\/2019\/02\/COND-VOVO-JOAQUIM-CONVOCA\u00c7\u00c3O-243x300.jpg 243w, https:\/\/diarioregionaldigital.com.br\/wp-content\/uploads\/2019\/02\/COND-VOVO-JOAQUIM-CONVOCA\u00c7\u00c3O-768x949.jpg 768w, https:\/\/diarioregionaldigital.com.br\/wp-content\/uploads\/2019\/02\/COND-VOVO-JOAQUIM-CONVOCA\u00c7\u00c3O-829x1024.jpg 829w, https:\/\/diarioregionaldigital.com.br\/wp-content\/uploads\/2019\/02\/COND-VOVO-JOAQUIM-CONVOCA\u00c7\u00c3O-360x445.jpg 360w\" sizes=\"auto, (max-width: 500px) 100vw, 500px\" \/><\/p>\n","protected":false},"excerpt":{"rendered":"","protected":false},"author":96,"featured_media":0,"comment_status":"closed","ping_status":"closed","sticky":false,"template":"","format":"standard","meta":{"footnotes":""},"categories":[307],"tags":[],"class_list":["post-135115","post","type-post","status-publish","format-standard","hentry","category-editais"],"_links":{"self":[{"href":"https:\/\/diarioregionaldigital.com.br\/index.php?rest_route=\/wp\/v2\/posts\/135115","targetHints":{"allow":["GET"]}}],"collection":[{"href":"https:\/\/diarioregionaldigital.com.br\/index.php?rest_route=\/wp\/v2\/posts"}],"about":[{"href":"https:\/\/diarioregionaldigital.com.br\/index.php?rest_route=\/wp\/v2\/types\/post"}],"author":[{"embeddable":true,"href":"https:\/\/diarioregionaldigital.com.br\/index.php?rest_route=\/wp\/v2\/users\/96"}],"replies":[{"embeddable":true,"href":"https:\/\/diarioregionaldigital.com.br\/index.php?rest_route=%2Fwp%2Fv2%2Fcomments&post=135115"}],"version-history":[{"count":0,"href":"https:\/\/diarioregionaldigital.com.br\/index.php?rest_route=\/wp\/v2\/posts\/135115\/revisions"}],"wp:attachment":[{"href":"https:\/\/diarioregionaldigital.com.br\/index.php?rest_route=%2Fwp%2Fv2%2Fmedia&parent=135115"}],"wp:term":[{"taxonomy":"category","embeddable":true,"href":"https:\/\/diarioregionaldigital.com.br\/index.php?rest_route=%2Fwp%2Fv2%2Fcategories&post=135115"},{"taxonomy":"post_tag","embeddable":true,"href":"https:\/\/diarioregionaldigital.com.br\/index.php?rest_route=%2Fwp%2Fv2%2Ftags&post=135115"}],"curies":[{"name":"wp","href":"https:\/\/api.w.org\/{rel}","templated":true}]}}