{"id":135113,"date":"2019-03-01T06:00:54","date_gmt":"2019-03-01T09:00:54","guid":{"rendered":"https:\/\/diarioregionaldigital.com.br\/?p=135113"},"modified":"2019-02-28T19:56:05","modified_gmt":"2019-02-28T22:56:05","slug":"laticinio-nosso-ltda-29-03-19","status":"publish","type":"post","link":"https:\/\/diarioregionaldigital.com.br\/?p=135113","title":{"rendered":"Latic\u00ednio Nosso Ltda &#8211; 29\/03\/19"},"content":{"rendered":"<p style=\"text-align: center;\"><strong>AVISO<\/strong><\/p>\n<p style=\"text-align: center;\">Latic\u00ednio Nosso Ltda, por determina\u00e7\u00e3o da Superintend\u00eancia Regional de Meio Ambiente SUPRAM Zona da Mata, torna p\u00fablico que solicitou, por meio do Processo Administrativo n\u00ba 10734\/2015\/001\/2016, Licen\u00e7a de Opera\u00e7\u00e3o Corretiva, para a atividade D-01-06-1- Fabrica\u00e7\u00e3o de produtos de latic\u00ednios, exceto envase de leite fluido, localizado na Estrada da Borda, distrito de S\u00e1 Fortes, Zona Rural, Munic\u00edpio de Ant\u00f4nio Carlos- MG<\/p>\n","protected":false},"excerpt":{"rendered":"<p>AVISO Latic\u00ednio Nosso Ltda, por determina\u00e7\u00e3o da Superintend\u00eancia Regional de Meio Ambiente SUPRAM Zona da Mata, torna p\u00fablico que solicitou, por meio do Processo Administrativo n\u00ba 10734\/2015\/001\/2016, Licen\u00e7a de Opera\u00e7\u00e3o Corretiva, para a atividade D-01-06-1- Fabrica\u00e7\u00e3o de produtos de latic\u00ednios, exceto envase de leite fluido, localizado na Estrada da Borda, distrito de S\u00e1 Fortes, Zona [&hellip;]<\/p>\n","protected":false},"author":96,"featured_media":0,"comment_status":"closed","ping_status":"closed","sticky":false,"template":"","format":"standard","meta":{"footnotes":""},"categories":[307],"tags":[],"class_list":["post-135113","post","type-post","status-publish","format-standard","hentry","category-editais"],"_links":{"self":[{"href":"https:\/\/diarioregionaldigital.com.br\/index.php?rest_route=\/wp\/v2\/posts\/135113","targetHints":{"allow":["GET"]}}],"collection":[{"href":"https:\/\/diarioregionaldigital.com.br\/index.php?rest_route=\/wp\/v2\/posts"}],"about":[{"href":"https:\/\/diarioregionaldigital.com.br\/index.php?rest_route=\/wp\/v2\/types\/post"}],"author":[{"embeddable":true,"href":"https:\/\/diarioregionaldigital.com.br\/index.php?rest_route=\/wp\/v2\/users\/96"}],"replies":[{"embeddable":true,"href":"https:\/\/diarioregionaldigital.com.br\/index.php?rest_route=%2Fwp%2Fv2%2Fcomments&post=135113"}],"version-history":[{"count":0,"href":"https:\/\/diarioregionaldigital.com.br\/index.php?rest_route=\/wp\/v2\/posts\/135113\/revisions"}],"wp:attachment":[{"href":"https:\/\/diarioregionaldigital.com.br\/index.php?rest_route=%2Fwp%2Fv2%2Fmedia&parent=135113"}],"wp:term":[{"taxonomy":"category","embeddable":true,"href":"https:\/\/diarioregionaldigital.com.br\/index.php?rest_route=%2Fwp%2Fv2%2Fcategories&post=135113"},{"taxonomy":"post_tag","embeddable":true,"href":"https:\/\/diarioregionaldigital.com.br\/index.php?rest_route=%2Fwp%2Fv2%2Ftags&post=135113"}],"curies":[{"name":"wp","href":"https:\/\/api.w.org\/{rel}","templated":true}]}}