{"id":135109,"date":"2019-03-03T06:00:33","date_gmt":"2019-03-03T09:00:33","guid":{"rendered":"https:\/\/diarioregionaldigital.com.br\/?p=135109"},"modified":"2019-02-28T19:51:12","modified_gmt":"2019-02-28T22:51:12","slug":"ufjf-abre-edital-para-selecao-de-tres-professores-substitutos","status":"publish","type":"post","link":"https:\/\/diarioregionaldigital.com.br\/?p=135109","title":{"rendered":"UFJF abre edital para sele\u00e7\u00e3o de tr\u00eas professores substitutos"},"content":{"rendered":"<p>A Pr\u00f3-reitoria de Gest\u00e3o de Pessoas (Progepe) da Universidade Federal de Juiz de Fora (UFJF) divulgou o processo seletivo simplificado para contrata\u00e7\u00e3o de\u00a0tr\u00eas\u00a0professores substitutos para atua\u00e7\u00e3o nos campi de Juiz de Fora e Governador Valadares. As inscri\u00e7\u00f5es t\u00eam in\u00edcio no dia 7 de mar\u00e7o e se estendem at\u00e9 o dia 14 do mesmo m\u00eas. O processo \u00e9 regido pelos\u00a0<a href=\"http:\/\/www.ufjf.br\/concurso\/selecao-de-temporarios\/selecao-docentes-temporarios\/ano-2019\/\">editais n\u00ba 20, 21 e 22\/2019, bem como pelo edital normativo n\u00ba 44<\/a>.<\/p>\n<p>As duas vagas destinadas ao campus sede est\u00e3o distribu\u00eddas entre o Instituto de Ci\u00eancias Humanas, no Departamento de Hist\u00f3ria (1), e a Faculdade de Administra\u00e7\u00e3o e Ci\u00eancias Cont\u00e1beis (Facc), no Departamento de Finan\u00e7as e Controladoria (1). Para a vaga no ICH, com a \u00e1rea de concentra\u00e7\u00e3o em Hist\u00f3ria da Am\u00e9rica I e II, a titula\u00e7\u00e3o exigida \u00e9 gradua\u00e7\u00e3o e mestrado em Hist\u00f3ria. J\u00e1 no processo seletivo da Facc, o candidato deve ser graduado em Ci\u00eancias Cont\u00e1beis, com especializa\u00e7\u00e3o\u00a0lato sensu\u00a0em Ci\u00eancias Cont\u00e1beis, ou Administra\u00e7\u00e3o, ou Direito.<\/p>\n<p>No campus avan\u00e7ado de Governador Valadares, foi destinada uma vaga no Departamento de Medicina, do Instituto de Ci\u00eancias da Vida, com \u00e1rea de concentra\u00e7\u00e3o em Epidemiologia, Sa\u00fade Coletiva, M\u00e9todos Epidemiol\u00f3gicos, Est\u00e1gio Obrigat\u00f3rio em Sa\u00fade Coletiva e Temas Integradores em Cl\u00ednica Ampliada. O candidato deve ter gradua\u00e7\u00e3o em \u00c1rea de Ci\u00eancias da Sa\u00fade ou Ci\u00eancias Biol\u00f3gicas, com mestrado em Ci\u00eancias da Sa\u00fade ou Sa\u00fade Coletiva.<\/p>\n<p>&nbsp;<\/p>\n<p><strong>Inscri\u00e7\u00f5es<\/strong><\/p>\n<p>N\u00e3o ser\u00e3o cobradas taxas. As inscri\u00e7\u00f5es podem ser efetuadas pessoalmente ou por terceiros, diretamente nas secretarias das unidades acad\u00eamicas \u00e0s quais cada departamento est\u00e1 vinculado. O per\u00edodo n\u00e3o inclui s\u00e1bados, domingos, feriados e recessos.<\/p>\n<p>Os requerimentos de inscri\u00e7\u00e3o e a respectiva documenta\u00e7\u00e3o poder\u00e3o ser enviados via postal, desde que recebidos no setor respons\u00e1vel pelos servi\u00e7os de protocolo dentro do per\u00edodo estipulado.<\/p>\n<p>&nbsp;<\/p>\n<p><strong>Provas<\/strong><\/p>\n<p>Datas, hor\u00e1rios e locais da instala\u00e7\u00e3o da banca examinadora podem ser conferidos nos editais de abertura. As datas e os hor\u00e1rios das provas ser\u00e3o informados pela banca logo ap\u00f3s a sua instala\u00e7\u00e3o, com a divulga\u00e7\u00e3o do cronograma inicial das primeiras provas e do cronograma final, relativo \u00e0s demais provas. Todos os hor\u00e1rios estabelecidos ou que a banca examinadora vier a estabelecer ter\u00e3o como refer\u00eancia o hor\u00e1rio de Bras\u00edlia.<\/p>\n<p>&nbsp;<\/p>\n<p><strong>Remunera\u00e7\u00e3o e validade<\/strong><\/p>\n<p>A remunera\u00e7\u00e3o do professor contratado ser\u00e1 composta por vencimento b\u00e1sico e retribui\u00e7\u00e3o por titula\u00e7\u00e3o. Os processos seletivos ser\u00e3o v\u00e1lidos por um ano.<\/p>\n<p>&nbsp;<\/p>\n<p>Fonte: Assessoria<\/p>\n","protected":false},"excerpt":{"rendered":"<p>A Pr\u00f3-reitoria de Gest\u00e3o de Pessoas (Progepe) da Universidade Federal de Juiz de Fora (UFJF) divulgou o processo seletivo simplificado para contrata\u00e7\u00e3o de\u00a0tr\u00eas\u00a0professores substitutos para atua\u00e7\u00e3o nos campi de Juiz de Fora e Governador Valadares. As inscri\u00e7\u00f5es t\u00eam in\u00edcio no dia 7 de mar\u00e7o e se estendem at\u00e9 o dia 14 do mesmo m\u00eas. O [&hellip;]<\/p>\n","protected":false},"author":96,"featured_media":133880,"comment_status":"closed","ping_status":"closed","sticky":false,"template":"","format":"standard","meta":{"footnotes":""},"categories":[253,436,440,439],"tags":[],"class_list":["post-135109","post","type-post","status-publish","format-standard","has-post-thumbnail","hentry","category-cidade","category-destaque-da-semana","category-destaques-do-dia","category-ultima-hora"],"_links":{"self":[{"href":"https:\/\/diarioregionaldigital.com.br\/index.php?rest_route=\/wp\/v2\/posts\/135109","targetHints":{"allow":["GET"]}}],"collection":[{"href":"https:\/\/diarioregionaldigital.com.br\/index.php?rest_route=\/wp\/v2\/posts"}],"about":[{"href":"https:\/\/diarioregionaldigital.com.br\/index.php?rest_route=\/wp\/v2\/types\/post"}],"author":[{"embeddable":true,"href":"https:\/\/diarioregionaldigital.com.br\/index.php?rest_route=\/wp\/v2\/users\/96"}],"replies":[{"embeddable":true,"href":"https:\/\/diarioregionaldigital.com.br\/index.php?rest_route=%2Fwp%2Fv2%2Fcomments&post=135109"}],"version-history":[{"count":0,"href":"https:\/\/diarioregionaldigital.com.br\/index.php?rest_route=\/wp\/v2\/posts\/135109\/revisions"}],"wp:featuredmedia":[{"embeddable":true,"href":"https:\/\/diarioregionaldigital.com.br\/index.php?rest_route=\/wp\/v2\/media\/133880"}],"wp:attachment":[{"href":"https:\/\/diarioregionaldigital.com.br\/index.php?rest_route=%2Fwp%2Fv2%2Fmedia&parent=135109"}],"wp:term":[{"taxonomy":"category","embeddable":true,"href":"https:\/\/diarioregionaldigital.com.br\/index.php?rest_route=%2Fwp%2Fv2%2Fcategories&post=135109"},{"taxonomy":"post_tag","embeddable":true,"href":"https:\/\/diarioregionaldigital.com.br\/index.php?rest_route=%2Fwp%2Fv2%2Ftags&post=135109"}],"curies":[{"name":"wp","href":"https:\/\/api.w.org\/{rel}","templated":true}]}}