{"id":135090,"date":"2019-02-28T20:00:21","date_gmt":"2019-02-28T23:00:21","guid":{"rendered":"https:\/\/diarioregionaldigital.com.br\/?p=135090"},"modified":"2019-02-28T21:39:19","modified_gmt":"2019-03-01T00:39:19","slug":"banda-daki-leva-diversao-e-muita-alegria-para-os-folioes-juiz-foranos","status":"publish","type":"post","link":"https:\/\/diarioregionaldigital.com.br\/?p=135090","title":{"rendered":"Banda Daki leva divers\u00e3o e muita alegria para os foli\u00f5es juiz-foranos"},"content":{"rendered":"<p>A Banda Daki, bloco mais tradicional de Juiz de Fora e patrim\u00f4nio cultural desde 2002, desfila mais uma vez com toda sua irrever\u00eancia e bom humor pela Avenida Rio Branco.A Banda segue tradicionalmente pela avenida mais uma vez, com vocal, teclado, guitarrista, baterista, baixista, percussionistas e os v\u00e1rios trompetistas em seu 47\u00ba desfile na Avenida Rio Branco. Toda essa equipe animar\u00e1 os foli\u00f5es, a partir das 10 horas, e o repert\u00f3rio vai contar com as marchinhas que acompanham o bloco desde o surgimento, al\u00e9m de outras m\u00fasicas que s\u00e3o marca registrada na hist\u00f3ria da Banda.<\/p>\n<p>No in\u00edcio da d\u00e9cada de 70, um grupo de estudantes deu in\u00edcio \u00e0 Banda, que come\u00e7ou como um bloco. Naquela \u00e9poca, a concentra\u00e7\u00e3o era no Largo do S\u00e3o Roque, na Avenida dos Andradas e subia a Avenida Rio Branco e descia a Rua Halfeld. Anos depois, o bloco que come\u00e7ou com cerca de 30 integrantes, tornou-se a Banda Daki, chegando a reunir mais de 50 mil pessoas em seus desfiles.<\/p>\n<div id=\"attachment_135093\" style=\"width: 456px\" class=\"wp-caption aligncenter\"><img loading=\"lazy\" decoding=\"async\" aria-describedby=\"caption-attachment-135093\" class=\" wp-image-135093\" src=\"https:\/\/diarioregionaldigital.com.br\/wp-content\/uploads\/2019\/02\/RAFAELA-FRUTUOSO-556-300x200.jpg\" alt=\"\" width=\"446\" height=\"297\" srcset=\"https:\/\/diarioregionaldigital.com.br\/wp-content\/uploads\/2019\/02\/RAFAELA-FRUTUOSO-556-300x200.jpg 300w, https:\/\/diarioregionaldigital.com.br\/wp-content\/uploads\/2019\/02\/RAFAELA-FRUTUOSO-556-768x512.jpg 768w, https:\/\/diarioregionaldigital.com.br\/wp-content\/uploads\/2019\/02\/RAFAELA-FRUTUOSO-556-1024x683.jpg 1024w, https:\/\/diarioregionaldigital.com.br\/wp-content\/uploads\/2019\/02\/RAFAELA-FRUTUOSO-556-360x240.jpg 360w\" sizes=\"auto, (max-width: 446px) 100vw, 446px\" \/><p id=\"caption-attachment-135093\" class=\"wp-caption-text\">Jos\u00e9 Carlos Passos, o Z\u00e9 Kodak, General da Banda. Foto: Arquivo\/Rafaela Frutuoso<\/p><\/div>\n<p>A expectativa para este ano destaca Jos\u00e9 Carlos Passos, o Z\u00e9 Kodak, General da Banda, entre 15 e 20 mil pessoas. Segundo ele, a queda desse n\u00famero ao longo dos anos acontece porque Juiz de Fora n\u00e3o realiza carnaval nas datas oficiais do feriado, trazendo o pr\u00e9-carnaval para os foli\u00f5es.\u201cNos dias mesmo do carnaval as pessoas n\u00e3o ficam na cidade, elas j\u00e1 est\u00e3o viajando. \u00c0s vezes querem ficar para a Banda Daki, mas n\u00e3o ficam porque depois que acaba o desfile n\u00e3o tem mais nada para fazer na cidade\u201d, comenta.<\/p>\n<p>Sempre com o cora\u00e7\u00e3o alegre e cheio de orgulho pela realiza\u00e7\u00e3o de mais um desfile da tradicional atra\u00e7\u00e3o da cidade, Z\u00e9 Kodak faz um pedido aos foli\u00f5es. \u201cQuando a Banda Daki estiver passando pela Avenida Rio Branco joguem confetes, serpentinas ou at\u00e9 rolo de papel higi\u00eanico\u201d, brinca.<\/p>\n<p>&nbsp;<\/p>\n<p><strong>ISABELITA DOS PATINS<\/strong><\/p>\n<p>Uma das principais atra\u00e7\u00f5es do bloco, Isabelita dos Patins, a drag de nacionalidade argentina, estar\u00e1 presente em mais uma edi\u00e7\u00e3o do desfile da Banda Daki. \u201cIr a Juiz de Fora \u00e9 sempre uma grande alegria para mim por conta do carinho. L\u00e1 est\u00e1 frio, mas o carinho, o calor humano \u00e9 muito significativo para mim. Z\u00e9 \u00e9 um guerreiro, batalhador, \u00e9 o foli\u00e3o n\u00famero um da cidade porque ele ama tudo isso e eu tamb\u00e9m\u201d, disse.<\/p>\n<div id=\"attachment_135094\" style=\"width: 450px\" class=\"wp-caption aligncenter\"><img loading=\"lazy\" decoding=\"async\" aria-describedby=\"caption-attachment-135094\" class=\" wp-image-135094\" src=\"https:\/\/diarioregionaldigital.com.br\/wp-content\/uploads\/2019\/02\/RAFAELA-FRUTUOSO-16-300x200.jpg\" alt=\"\" width=\"440\" height=\"293\" srcset=\"https:\/\/diarioregionaldigital.com.br\/wp-content\/uploads\/2019\/02\/RAFAELA-FRUTUOSO-16-300x200.jpg 300w, https:\/\/diarioregionaldigital.com.br\/wp-content\/uploads\/2019\/02\/RAFAELA-FRUTUOSO-16-768x512.jpg 768w, https:\/\/diarioregionaldigital.com.br\/wp-content\/uploads\/2019\/02\/RAFAELA-FRUTUOSO-16-1024x683.jpg 1024w, https:\/\/diarioregionaldigital.com.br\/wp-content\/uploads\/2019\/02\/RAFAELA-FRUTUOSO-16-360x240.jpg 360w\" sizes=\"auto, (max-width: 440px) 100vw, 440px\" \/><p id=\"caption-attachment-135094\" class=\"wp-caption-text\">Uma das principais atra\u00e7\u00f5es do bloco, Isabelita dos Patins, a drag de nacionalidade argentina, estar\u00e1 presente em mais uma edi\u00e7\u00e3o do desfile da Banda Daki. Foto: Arquivo\/Rafaela Frutuoso<\/p><\/div>\n<p>Em entrevista ao Di\u00e1rio Regional, Isabelita disse que permanecer\u00e1 alguns dias em Juiz de Fora ap\u00f3s o desfile da banda. \u201cJ\u00e1 perdi a conta de quantos anos eu vou \u00e0 Banda Daki. \u00c9 como aquela m\u00fasica \u2018daqui n\u00e3o saio, daqui ningu\u00e9m me tira\u2019\u201d, comenta. Para ela, participar do tradicional desfile de Juiz de Fora \u00e9 uma \u201calegria tripla\u201d porque resgata a ess\u00eancia do carnaval de rua. \u201cIsso prende o cora\u00e7\u00e3o da gente\u201d, disse.<\/p>\n<p>Este ano, lamentou a ilustre artista, que n\u00e3o vai desfilar com os patins por problemas de sa\u00fade. \u201cCom ou sem patins eu serei sempre a Isabelita dos Patins\u201d, finaliza.<\/p>\n","protected":false},"excerpt":{"rendered":"<p>A Banda Daki, bloco mais tradicional de Juiz de Fora e patrim\u00f4nio cultural desde 2002, desfila mais uma vez com toda sua irrever\u00eancia e bom humor pela Avenida Rio Branco.A Banda segue tradicionalmente pela avenida mais uma vez, com vocal, teclado, guitarrista, baterista, baixista, percussionistas e os v\u00e1rios trompetistas em seu 47\u00ba desfile na Avenida [&hellip;]<\/p>\n","protected":false},"author":96,"featured_media":135092,"comment_status":"closed","ping_status":"closed","sticky":false,"template":"","format":"standard","meta":{"footnotes":""},"categories":[253,436,440,439],"tags":[],"class_list":["post-135090","post","type-post","status-publish","format-standard","has-post-thumbnail","hentry","category-cidade","category-destaque-da-semana","category-destaques-do-dia","category-ultima-hora"],"_links":{"self":[{"href":"https:\/\/diarioregionaldigital.com.br\/index.php?rest_route=\/wp\/v2\/posts\/135090","targetHints":{"allow":["GET"]}}],"collection":[{"href":"https:\/\/diarioregionaldigital.com.br\/index.php?rest_route=\/wp\/v2\/posts"}],"about":[{"href":"https:\/\/diarioregionaldigital.com.br\/index.php?rest_route=\/wp\/v2\/types\/post"}],"author":[{"embeddable":true,"href":"https:\/\/diarioregionaldigital.com.br\/index.php?rest_route=\/wp\/v2\/users\/96"}],"replies":[{"embeddable":true,"href":"https:\/\/diarioregionaldigital.com.br\/index.php?rest_route=%2Fwp%2Fv2%2Fcomments&post=135090"}],"version-history":[{"count":0,"href":"https:\/\/diarioregionaldigital.com.br\/index.php?rest_route=\/wp\/v2\/posts\/135090\/revisions"}],"wp:featuredmedia":[{"embeddable":true,"href":"https:\/\/diarioregionaldigital.com.br\/index.php?rest_route=\/wp\/v2\/media\/135092"}],"wp:attachment":[{"href":"https:\/\/diarioregionaldigital.com.br\/index.php?rest_route=%2Fwp%2Fv2%2Fmedia&parent=135090"}],"wp:term":[{"taxonomy":"category","embeddable":true,"href":"https:\/\/diarioregionaldigital.com.br\/index.php?rest_route=%2Fwp%2Fv2%2Fcategories&post=135090"},{"taxonomy":"post_tag","embeddable":true,"href":"https:\/\/diarioregionaldigital.com.br\/index.php?rest_route=%2Fwp%2Fv2%2Ftags&post=135090"}],"curies":[{"name":"wp","href":"https:\/\/api.w.org\/{rel}","templated":true}]}}