{"id":135087,"date":"2019-03-03T06:00:10","date_gmt":"2019-03-03T09:00:10","guid":{"rendered":"https:\/\/diarioregionaldigital.com.br\/?p=135087"},"modified":"2019-02-28T19:06:44","modified_gmt":"2019-02-28T22:06:44","slug":"numeros-positivos","status":"publish","type":"post","link":"https:\/\/diarioregionaldigital.com.br\/?p=135087","title":{"rendered":"N\u00daMEROS POSITIVOS"},"content":{"rendered":"<p>O ano de 2019 come\u00e7a com um novo governo e a esperan\u00e7a de que seja retomado o caminho do crescimento econ\u00f4mico. Atravessamos um per\u00edodo dif\u00edcil, em que a recess\u00e3o impediu os avan\u00e7os necess\u00e1rios para que o pa\u00eds cumprisse com os seus objetivos econ\u00f4micos e sociais. Apesar de todos os problemas vividos no ano passado, o Centro de Integra\u00e7\u00e3o Empresa-Escola do Estado do Rio de Janeiro se empenhou na manuten\u00e7\u00e3o dos seus programas, acolhendo as necessidades do jovens em busca de uma coloca\u00e7\u00e3o no mercado de trabalho.<\/p>\n<p>Dentro desses par\u00e2metros, foi poss\u00edvel atender, com a qualidade que sempre marcou a atua\u00e7\u00e3o do CIEE-RJ, a 18.259 aprendizes e 29.000 estagi\u00e1rios. Preocupados com a forma\u00e7\u00e3o dos participantes dos nossos eventos, realizamos quatro semin\u00e1rios sob o tema \u201cAutomutila\u00e7\u00e3o e suic\u00eddio \u2013 como andam as rela\u00e7\u00f5es\u201d, nos munic\u00edpios de Rio de Janeiro, Nova Igua\u00e7u, Niter\u00f3i e Barra Mansa, gra\u00e7as \u00e0s solicita\u00e7\u00f5es de institui\u00e7\u00f5es parceiras.<\/p>\n<p>Cerca de 3.500 jovens foram certificados nos cursos de Inclus\u00e3o Digital. Vale ressaltar que, ainda dentro desse segmento, tamb\u00e9m receberam aulas 1.660 pessoas com mais de 40 anos, mostrando a import\u00e2ncia das novas tecnologias no mundo corporativo. Iniciamos atividades junto ao Degase \u2013 Departamento Geral de A\u00e7\u00f5es Socioeducativas, \u00f3rg\u00e3o vinculado a Secretaria de Estado de Educa\u00e7\u00e3o, atendendo jovens em medidas socioeducacionais. Sem falar que mantivemos parcerias com 3.875 empresas e com quase todas as institui\u00e7\u00f5es de ensino do territ\u00f3rio fluminense. Um caso peculiar foi o conv\u00eanio com a Funda\u00e7\u00e3o Cesgranrio, que permitiu diversas audi\u00e7\u00f5es do Coral de Deficientes Visuais, sempre emocionando a plateia.<\/p>\n<p>Somos uma institui\u00e7\u00e3o n\u00e3o governamental de Assist\u00eancia Social, que segue as diretrizes e objetivos da Pol\u00edtica Nacional de Assist\u00eancia Social. Isso quer dizer que as nossas a\u00e7\u00f5es devem ser realizadas de forma integrada \u00e0s pol\u00edticas setoriais, superando a pobreza e procurando garantir o provimento de condi\u00e7\u00f5es para atender \u00e0s conting\u00eancias sociais e \u00e0 universaliza\u00e7\u00e3o dos direitos sociais. \u00c9 o que preconiza a Pol\u00edtica Nacional de Assist\u00eancia Social, atrav\u00e9s, por exemplo, da Lei 8.069\/1990, que regulamenta o Estatuto da Crian\u00e7a e do Adolescente (ECA), e da Resolu\u00e7\u00e3o n\u00ba 33\/2011, que define a Promo\u00e7\u00e3o da Integra\u00e7\u00e3o ao Mundo do Trabalho.<\/p>\n<p>Os quadros apresentados atestam o esfor\u00e7o que a equipe de colaboradores do CIEE\/RJ, distribu\u00eddos nas 12 unidades que atendem jovens de 95% do territ\u00f3rio fluminense, desenvolve para cumprir as diretrizes emanadas das autoridades da \u00e1rea de Assist\u00eancia Social. Estamos presentes em Barra Mansa, Campos dos Goytacazes, Duque de Caxias, Maca\u00e9, Niter\u00f3i, Nova Friburgo, Nova Igua\u00e7u, Petr\u00f3polis, Resende, Rio de Janeiro, Teres\u00f3polis e Tr\u00eas Rios. Em nosso cadastro, temos 3.450 empresas no Programa de Est\u00e1gio e 2.460 no Programa de Aprendizagem. Tamb\u00e9m contamos com 1.567 institui\u00e7\u00f5es de ensino parceiras, que ajudam a levar adiante essa miss\u00e3o que dignifica e honra a nossa atua\u00e7\u00e3o, e promove o desenvolvimento do Estado do Rio.<\/p>\n<p>Nossa miss\u00e3o \u00e9 a empregabilidade e a inser\u00e7\u00e3o no mercado de trabalho de jovens e adolescentes, oferecendo cursos e atividades, sempre procurando a melhoria da qualidade de vida da popula\u00e7\u00e3o fluminense, especialmente da sua parcela mais jovem.<\/p>\n<div id=\"attachment_96753\" style=\"width: 308px\" class=\"wp-caption aligncenter\"><img loading=\"lazy\" decoding=\"async\" aria-describedby=\"caption-attachment-96753\" class=\" wp-image-96753\" src=\"https:\/\/diarioregionaldigital.com.br\/wp-content\/uploads\/2018\/04\/arnaldo-niskier-201x300.jpg\" alt=\"Arnaldo Niskier\" width=\"298\" height=\"445\" srcset=\"https:\/\/diarioregionaldigital.com.br\/wp-content\/uploads\/2018\/04\/arnaldo-niskier-201x300.jpg 201w, https:\/\/diarioregionaldigital.com.br\/wp-content\/uploads\/2018\/04\/arnaldo-niskier-360x539.jpg 360w, https:\/\/diarioregionaldigital.com.br\/wp-content\/uploads\/2018\/04\/arnaldo-niskier.jpg 375w\" sizes=\"auto, (max-width: 298px) 100vw, 298px\" \/><p id=\"caption-attachment-96753\" class=\"wp-caption-text\">Arnaldo Niskier &#8211; da Academia Brasileira de Letras, Doutor em Educa\u00e7\u00e3o pela UERJ e Presidente do CIEE\/RJ<\/p><\/div>\n","protected":false},"excerpt":{"rendered":"<p>O ano de 2019 come\u00e7a com um novo governo e a esperan\u00e7a de que seja retomado o caminho do crescimento econ\u00f4mico. Atravessamos um per\u00edodo dif\u00edcil, em que a recess\u00e3o impediu os avan\u00e7os necess\u00e1rios para que o pa\u00eds cumprisse com os seus objetivos econ\u00f4micos e sociais. Apesar de todos os problemas vividos no ano passado, o [&hellip;]<\/p>\n","protected":false},"author":96,"featured_media":135088,"comment_status":"closed","ping_status":"closed","sticky":false,"template":"","format":"standard","meta":{"footnotes":""},"categories":[275,435,436],"tags":[],"class_list":["post-135087","post","type-post","status-publish","format-standard","has-post-thumbnail","hentry","category-arnaldo-niskier","category-colunas","category-destaque-da-semana"],"_links":{"self":[{"href":"https:\/\/diarioregionaldigital.com.br\/index.php?rest_route=\/wp\/v2\/posts\/135087","targetHints":{"allow":["GET"]}}],"collection":[{"href":"https:\/\/diarioregionaldigital.com.br\/index.php?rest_route=\/wp\/v2\/posts"}],"about":[{"href":"https:\/\/diarioregionaldigital.com.br\/index.php?rest_route=\/wp\/v2\/types\/post"}],"author":[{"embeddable":true,"href":"https:\/\/diarioregionaldigital.com.br\/index.php?rest_route=\/wp\/v2\/users\/96"}],"replies":[{"embeddable":true,"href":"https:\/\/diarioregionaldigital.com.br\/index.php?rest_route=%2Fwp%2Fv2%2Fcomments&post=135087"}],"version-history":[{"count":0,"href":"https:\/\/diarioregionaldigital.com.br\/index.php?rest_route=\/wp\/v2\/posts\/135087\/revisions"}],"wp:featuredmedia":[{"embeddable":true,"href":"https:\/\/diarioregionaldigital.com.br\/index.php?rest_route=\/wp\/v2\/media\/135088"}],"wp:attachment":[{"href":"https:\/\/diarioregionaldigital.com.br\/index.php?rest_route=%2Fwp%2Fv2%2Fmedia&parent=135087"}],"wp:term":[{"taxonomy":"category","embeddable":true,"href":"https:\/\/diarioregionaldigital.com.br\/index.php?rest_route=%2Fwp%2Fv2%2Fcategories&post=135087"},{"taxonomy":"post_tag","embeddable":true,"href":"https:\/\/diarioregionaldigital.com.br\/index.php?rest_route=%2Fwp%2Fv2%2Ftags&post=135087"}],"curies":[{"name":"wp","href":"https:\/\/api.w.org\/{rel}","templated":true}]}}