{"id":135081,"date":"2019-03-03T06:00:09","date_gmt":"2019-03-03T09:00:09","guid":{"rendered":"https:\/\/diarioregionaldigital.com.br\/?p=135081"},"modified":"2019-02-28T18:58:41","modified_gmt":"2019-02-28T21:58:41","slug":"condicionamentos","status":"publish","type":"post","link":"https:\/\/diarioregionaldigital.com.br\/?p=135081","title":{"rendered":"CONDICIONAMENTOS"},"content":{"rendered":"<p>Treinamento de pulgas<\/p>\n<p>Sabe como se treina uma pulga? Coloque-a dentro de um vidro e feche-o. A pulga n\u00e3o gosta de ficar presa e come\u00e7a a pular. Ela pula, bate na tampa do vidro e volta. Ela vai fazer isso v\u00e1rias vezes, at\u00e9 que seu c\u00e9rebro chega \u00e0 conclus\u00e3o de que n\u00e3o adianta. Ent\u00e3o, ela come\u00e7a a pular mais baixo, sem bater na tampa. Depois que isso acontece, voc\u00ea pode tirar a tampa do vidro que a pulga nunca mais vai pular para fora. O c\u00e9rebro dela ficou condicionado \u00e0 exist\u00eancia da tampa e ela n\u00e3o identificar\u00e1 mais a sua aus\u00eancia.<\/p>\n<p>Treinamento de elefantes<\/p>\n<p>O treinador pega o ele\u00adfante, quando filhote, passa uma corda no pesco\u00e7o dele e o amarra a uma \u00e1rvore. O elefantinho tenta sair, mas a \u00e1rvore \u00e9 pesada, forte, e ele n\u00e3o consegue. Depois de v\u00e1rias tentativas, ele desiste. A\u00ed ele cresce, vai para o circo, e o palha\u00e7o, para pren\u00add\u00ea-lo, s\u00f3 tem de amarr\u00e1-lo \u00e0 perna de um tamborete. O elefante continuar\u00e1 sempre pensando que est\u00e1 amarrado em uma \u00e1rvore.<\/p>\n<p>N\u00e3o somos pulgas nem elefantes, mas tamb\u00e9m temos uma s\u00e9rie de condicionamentos. Mas, geralmente, n\u00e3o nos damos conta disso.<\/p>\n<p>As limita\u00e7\u00f5es e a programa\u00e7\u00e3o negativa<\/p>\n<p>Por que ser\u00e1 que temos tanta dificuldade para nos comportar em nosso pr\u00f3prio benef\u00edcio?<\/p>\n<p>O 99% do poder da mente humana est\u00e1 con\u00adcen\u00adtrado no inconsciente. Mas toda a nossa educa\u00e7\u00e3o costuma explorar apenas o consciente. N\u00e3o nos ensinam a tra\u00adba\u00adlhar com o inconsciente, cuja porta de acesso \u00e9 o hemisf\u00e9rio direito do c\u00e9rebro.<\/p>\n<p>As limita\u00e7\u00f5es que vivemos decorrem da programa\u00e7\u00e3o negativa instalada em n\u00f3s durante a inf\u00e2ncia, e tamb\u00e9m do uso limitado que fazemos do nosso c\u00e9rebro. Todos temos dentro de n\u00f3s um \u201ctermostato\u201d que determina o nosso valor. Ali\u00e1s, todos temos escrito na testa, com tinta invis\u00edvel, o quanto valemos. Quando au\u00admenta o seu termostato, voc\u00ea aumenta o valor que acha que tem e, em consequ\u00eancia, au\u00admenta o que o mundo vai entregar para voc\u00ea.<\/p>\n<p>Quem determina o seu termostato ou o seu valor pessoal, \u00e9 voc\u00ea. E essa temperatura interna n\u00e3o tem nada a ver com a temperatura externa. Se o seu ter\u00admos\u00adtato interno diz, por exemplo, que voc\u00ea vale meio milh\u00e3o de d\u00f3lares, isso \u00e9 o que o mundo tende a entregar para voc\u00ea, independentemente da crise econ\u00f4mica, da si\u00adtua\u00e7\u00e3o do pa\u00eds, da conjuntura mundial etc.<\/p>\n<p>O que vale \u00e9 a sua estrutura interna. O mundo \u00e9 um reflexo do seu interior.<\/p>\n<p>Para acompanhar a evolu\u00e7\u00e3o do mundo, voc\u00ea precisa usar o seu c\u00e9rebro de modo diferente do habitual. Se voc\u00ea tiver sucesso dentro do seu c\u00e9rebro, o sucesso vir\u00e1. Se voc\u00ea tiver amor, vai receber amor.<\/p>\n<p>No momento em que voc\u00ea muda suas cren\u00ad\u00e7as e seus valores, o mundo muda para voc\u00ea num estalar de dedos.<\/p>\n<p>William James, um dos grandes fil\u00f3sofos e psic\u00f3logos americanos, disse: \u201cAt\u00e9 agora pensava-se que, para agir, era preciso sentir. Hoje, sabe-se que, se come\u00e7armos a agir, o sen\u00adti\u00admento aparece.\u201d E concluiu: \u201cO pas\u00adsarinho n\u00e3o canta porque est\u00e1 feliz, ele est\u00e1 feliz por\u00adque canta\u201d.<\/p>\n<p>Ainda que esteja de\u00adpri\u00admido, se voc\u00ea come\u00e7ar a agir de um jeito feliz, voc\u00ea pas\u00adsa\u00adr\u00e1 a se sentir feliz e, ent\u00e3o, ser\u00e1 feliz. O com\u00adpor\u00adta\u00admento muda o sentimento e este muda o pen\u00adsa\u00admento.<\/p>\n<p>Seguindo esse racioc\u00ednio, voc\u00ea pode n\u00e3o estar recodificando diretamente as cren\u00e7as negativas instaladas no seu c\u00e9rebro. Mas estar\u00e1 di\u00admi\u00ad\u00adnuin\u00addo o peso delas na sua vida e, ainda, estar\u00e1 exercitando a forma correta de ins\u00adtalar cren\u00e7as positivas no seu c\u00e9rebro.<\/p>\n<div id=\"attachment_96755\" style=\"width: 296px\" class=\"wp-caption aligncenter\"><img loading=\"lazy\" decoding=\"async\" aria-describedby=\"caption-attachment-96755\" class=\" wp-image-96755\" src=\"https:\/\/diarioregionaldigital.com.br\/wp-content\/uploads\/2018\/04\/lair-ribeiro-min-200x300.jpg\" alt=\"Lair Ribeiro\" width=\"286\" height=\"429\" srcset=\"https:\/\/diarioregionaldigital.com.br\/wp-content\/uploads\/2018\/04\/lair-ribeiro-min-200x300.jpg 200w, https:\/\/diarioregionaldigital.com.br\/wp-content\/uploads\/2018\/04\/lair-ribeiro-min-360x540.jpg 360w, https:\/\/diarioregionaldigital.com.br\/wp-content\/uploads\/2018\/04\/lair-ribeiro-min.jpg 375w\" sizes=\"auto, (max-width: 286px) 100vw, 286px\" \/><p id=\"caption-attachment-96755\" class=\"wp-caption-text\">Dr. Lair Ribeiro \u2014 Palestrante internacional, ex-diretor da Merck Sharp &amp; Dohme e da Ciba-Geigy Corporation, nos Estados Unidos, e autor de v\u00e1rios livros que se tornaram best-sellers no Brasil e em pa\u00edses da Am\u00e9rica Latina e da Europa. M\u00e9dico cardiologista, viveu 17 anos nos Estados Unidos, onde realizou treinamentos e pesquisas na Harvard Unversity, Baylor College of Medicine<\/p><\/div>\n","protected":false},"excerpt":{"rendered":"<p>Treinamento de pulgas Sabe como se treina uma pulga? Coloque-a dentro de um vidro e feche-o. A pulga n\u00e3o gosta de ficar presa e come\u00e7a a pular. Ela pula, bate na tampa do vidro e volta. Ela vai fazer isso v\u00e1rias vezes, at\u00e9 que seu c\u00e9rebro chega \u00e0 conclus\u00e3o de que n\u00e3o adianta. Ent\u00e3o, ela [&hellip;]<\/p>\n","protected":false},"author":96,"featured_media":135083,"comment_status":"closed","ping_status":"closed","sticky":false,"template":"","format":"standard","meta":{"footnotes":""},"categories":[435,436,274],"tags":[],"class_list":["post-135081","post","type-post","status-publish","format-standard","has-post-thumbnail","hentry","category-colunas","category-destaque-da-semana","category-dr-lair-ribeiro"],"_links":{"self":[{"href":"https:\/\/diarioregionaldigital.com.br\/index.php?rest_route=\/wp\/v2\/posts\/135081","targetHints":{"allow":["GET"]}}],"collection":[{"href":"https:\/\/diarioregionaldigital.com.br\/index.php?rest_route=\/wp\/v2\/posts"}],"about":[{"href":"https:\/\/diarioregionaldigital.com.br\/index.php?rest_route=\/wp\/v2\/types\/post"}],"author":[{"embeddable":true,"href":"https:\/\/diarioregionaldigital.com.br\/index.php?rest_route=\/wp\/v2\/users\/96"}],"replies":[{"embeddable":true,"href":"https:\/\/diarioregionaldigital.com.br\/index.php?rest_route=%2Fwp%2Fv2%2Fcomments&post=135081"}],"version-history":[{"count":0,"href":"https:\/\/diarioregionaldigital.com.br\/index.php?rest_route=\/wp\/v2\/posts\/135081\/revisions"}],"wp:featuredmedia":[{"embeddable":true,"href":"https:\/\/diarioregionaldigital.com.br\/index.php?rest_route=\/wp\/v2\/media\/135083"}],"wp:attachment":[{"href":"https:\/\/diarioregionaldigital.com.br\/index.php?rest_route=%2Fwp%2Fv2%2Fmedia&parent=135081"}],"wp:term":[{"taxonomy":"category","embeddable":true,"href":"https:\/\/diarioregionaldigital.com.br\/index.php?rest_route=%2Fwp%2Fv2%2Fcategories&post=135081"},{"taxonomy":"post_tag","embeddable":true,"href":"https:\/\/diarioregionaldigital.com.br\/index.php?rest_route=%2Fwp%2Fv2%2Ftags&post=135081"}],"curies":[{"name":"wp","href":"https:\/\/api.w.org\/{rel}","templated":true}]}}