{"id":135079,"date":"2019-02-28T18:44:15","date_gmt":"2019-02-28T21:44:15","guid":{"rendered":"https:\/\/diarioregionaldigital.com.br\/?p=135079"},"modified":"2019-03-01T14:00:54","modified_gmt":"2019-03-01T17:00:54","slug":"veja-como-fica-o-funcionamento-da-pjf-no-carnaval","status":"publish","type":"post","link":"https:\/\/diarioregionaldigital.com.br\/?p=135079","title":{"rendered":"Veja como fica o funcionamento da PJF no Carnaval"},"content":{"rendered":"<p>Devido aos dias de Carnaval, de s\u00e1bado, 2, a quarta-feira, 6, alguns servi\u00e7os da Prefeitura de Juiz de Fora (PJF) ser\u00e3o alterados. Confira como ficar\u00e1 o funcionamento dos \u00f3rg\u00e3os municipais.<\/p>\n<p><strong>Museu \u201cMariano Proc\u00f3pio\u201d<\/strong> <strong>\u2013<\/strong> O Parque do Museu funcionar\u00e1 normalmente de ter\u00e7a a domingo, das 8h \u00e0s 18 horas. J\u00e1 o pr\u00e9dio do museu, volta a as atividades no dia 7 de mar\u00e7o.<\/p>\n<p><strong>Parque da Lajinha<\/strong> <strong>\u2013<\/strong> Funcionar\u00e1 normalmente, das 8 \u00e0s 17 horas.<\/p>\n<p><strong>Funda\u00e7\u00e3o Cultural \u201cAlfredo Ferreira Lage\u201d (Funalfa)<\/strong> \u2013 Fechar\u00e3o, de s\u00e1bado, 2, a quarta-feira, 6, a sede da Funalfa, as Bibliotecas \u201cMunicipal Murilo Mendes\u201d e \u201cDelfina Fonseca Lima\u201d, o Centro Cultural Dnar Rocha, o Teatro \u201cPaschoal Carlos Magno\u201d, o Museu Ferrovi\u00e1rio e o Centro Cultural Bernardo Mascarenhas (CCBM). O Centro de Esportes Unificado (Pra\u00e7a CEU) funcionar\u00e1 no s\u00e1bado das 11h \u00e0s 20 horas; no domingo, das 10h \u00e0s 19 horas; e de segunda \u00e0 quarta, das 11h \u00e0s 20 horas.<\/p>\n<p><strong>Companhia de Saneamento Municipal (Cesama) \u2013<\/strong> Funcionar\u00e1 em esquema de plant\u00e3o de s\u00e1bado, 2, \u00e0 ter\u00e7a-feira, 5, atendendo pelo telefone 115, e retoma o expediente normalmente na quarta-feira, 6. Defesa Civil &#8211; Funcionar\u00e1 todos os dias, em esquema de plant\u00e3o, atendendo pelo telefone 199.<\/p>\n<p><strong>Departamento Municipal de Limpeza Urbana (Demlurb) \u2013<\/strong> Na ter\u00e7a-feira de carnaval, 5, n\u00e3o haver\u00e1 coletas domiciliar e seletiva de lixo. Nos demais dias, o Demlurb far\u00e1 a coleta normalmente, seguindo a programa\u00e7\u00e3o de cada regi\u00e3o.<\/p>\n<p><strong>Feiras livres \u2013<\/strong> Funcionar\u00e3o normalmente durante o Carnaval.<\/p>\n<p><strong>Restaurante Popular \u2013<\/strong> Ficar\u00e1 fechado na segunda e ter\u00e7a-feira, reabrindo na quarta-feira, 6.<\/p>\n<p><strong>Sa\u00fade \u2013<\/strong> as unidades de Urg\u00eancia e Emerg\u00eancia funcionar\u00e3o em regime de plant\u00e3o. Haver\u00e1 expediente normal nas unidades de Pronto Atendimento (UPAs) dos bairros S\u00e3o Pedro, Santa Luzia e Benfica, e de Urg\u00eancia e Emerg\u00eancia (Regional Leste); no Pronto Atendimento Infantil (PAI); no Servi\u00e7o de Atendimento M\u00f3vel de Sa\u00fade (Samu); e no Hospital \u201cDr. Mozart Geraldo Teixeira\u201d. As unidades b\u00e1sicas de sa\u00fade (UBSs), Farm\u00e1cia Central e os departamentos da Crian\u00e7a e do Adolescente, Idoso e Mulher retomam as atividades na quinta-feira, 7.<\/p>\n<p>&nbsp;<\/p>\n<p>Fonte: Assessoria<\/p>\n","protected":false},"excerpt":{"rendered":"<p>Devido aos dias de Carnaval, de s\u00e1bado, 2, a quarta-feira, 6, alguns servi\u00e7os da Prefeitura de Juiz de Fora (PJF) ser\u00e3o alterados. Confira como ficar\u00e1 o funcionamento dos \u00f3rg\u00e3os municipais. Museu \u201cMariano Proc\u00f3pio\u201d \u2013 O Parque do Museu funcionar\u00e1 normalmente de ter\u00e7a a domingo, das 8h \u00e0s 18 horas. J\u00e1 o pr\u00e9dio do museu, volta [&hellip;]<\/p>\n","protected":false},"author":96,"featured_media":129482,"comment_status":"closed","ping_status":"closed","sticky":false,"template":"","format":"standard","meta":{"footnotes":""},"categories":[253,436,440,439],"tags":[],"class_list":["post-135079","post","type-post","status-publish","format-standard","has-post-thumbnail","hentry","category-cidade","category-destaque-da-semana","category-destaques-do-dia","category-ultima-hora"],"_links":{"self":[{"href":"https:\/\/diarioregionaldigital.com.br\/index.php?rest_route=\/wp\/v2\/posts\/135079","targetHints":{"allow":["GET"]}}],"collection":[{"href":"https:\/\/diarioregionaldigital.com.br\/index.php?rest_route=\/wp\/v2\/posts"}],"about":[{"href":"https:\/\/diarioregionaldigital.com.br\/index.php?rest_route=\/wp\/v2\/types\/post"}],"author":[{"embeddable":true,"href":"https:\/\/diarioregionaldigital.com.br\/index.php?rest_route=\/wp\/v2\/users\/96"}],"replies":[{"embeddable":true,"href":"https:\/\/diarioregionaldigital.com.br\/index.php?rest_route=%2Fwp%2Fv2%2Fcomments&post=135079"}],"version-history":[{"count":0,"href":"https:\/\/diarioregionaldigital.com.br\/index.php?rest_route=\/wp\/v2\/posts\/135079\/revisions"}],"wp:featuredmedia":[{"embeddable":true,"href":"https:\/\/diarioregionaldigital.com.br\/index.php?rest_route=\/wp\/v2\/media\/129482"}],"wp:attachment":[{"href":"https:\/\/diarioregionaldigital.com.br\/index.php?rest_route=%2Fwp%2Fv2%2Fmedia&parent=135079"}],"wp:term":[{"taxonomy":"category","embeddable":true,"href":"https:\/\/diarioregionaldigital.com.br\/index.php?rest_route=%2Fwp%2Fv2%2Fcategories&post=135079"},{"taxonomy":"post_tag","embeddable":true,"href":"https:\/\/diarioregionaldigital.com.br\/index.php?rest_route=%2Fwp%2Fv2%2Ftags&post=135079"}],"curies":[{"name":"wp","href":"https:\/\/api.w.org\/{rel}","templated":true}]}}