{"id":135075,"date":"2019-03-01T06:00:58","date_gmt":"2019-03-01T09:00:58","guid":{"rendered":"https:\/\/diarioregionaldigital.com.br\/?p=135075"},"modified":"2019-02-28T19:42:11","modified_gmt":"2019-02-28T22:42:11","slug":"135075","status":"publish","type":"post","link":"https:\/\/diarioregionaldigital.com.br\/?p=135075","title":{"rendered":"Carnaval em JF"},"content":{"rendered":"<p style=\"text-align: center;\"><strong>Carnaval em JF<\/strong><\/p>\n<p style=\"text-align: center;\">Reunindo nomes tradicionais do Carnaval de Juiz de Fora dois blocos v\u00e3o arrasar saindo do Parque Halfeld na sexta-feira, 1\u00ba de fevereiro, na maior anima\u00e7\u00e3o. \u00c0s 19h, tem o Bloco Pintinho de Ouro, e \u00e0s 20h, o Bloco do Beco. No s\u00e1bado, 1\u00ba, a irreverente Banda Daki desfila \u00e0s 13h, com concentra\u00e7\u00e3o no largo do S\u00e3o Roque em dire\u00e7\u00e3o a Av. Rio Branco. \u00d4ba!<\/p>\n<p style=\"text-align: center;\"><strong>Arte Total<\/strong><\/p>\n<p style=\"text-align: center;\">Talentoso e carism\u00e1tico, o artista Lucas Ferreira come\u00e7a no s\u00e1bado, 2, uma a\u00e7\u00e3o volunt\u00e1ria para a pintura de oito muros junto \u00e0 linha f\u00e9rrea, resultado de parceria do Demlurb com MRS. O tema \u00e9 \u00fanico, a causa animal, e tem como ponto de partida a passagem de n\u00edvel da Vila Ideal.<\/p>\n<p style=\"text-align: center;\"><strong>Show <\/strong><\/p>\n<p style=\"text-align: center;\">O projeto Cariocando do Bar Mo\u00e7o da Barba promove na sexta-feira, 1\u00ba, a festa Cariocando 60s, com o grupo Terapia de Bar. Na rua Jos\u00e9 Louren\u00e7o, n\u00ba 448, em S\u00e3o Pedro. Vai bombar.<\/p>\n<p style=\"text-align: center;\"><strong>Convoca\u00e7\u00e3o<\/strong><\/p>\n<p style=\"text-align: center;\">Sempre antenado com as causas da sa\u00fade em Juiz de Fora, o m\u00e9dico Jorge Montessi figura entre os integrantes da comiss\u00e3o organizadora e cient\u00edfica do Toray \u2013 2019 \u2013 21\u00aa Congresso da Sociedade Brasileira de Cirurgia Tor\u00e1cica, que vai acontecer de 15 a 18 de maio, no Ouro Minas Palace Hotel, na capital mineira.<\/p>\n<p style=\"text-align: center;\"><strong>Olha S\u00f3<\/strong><\/p>\n<p style=\"text-align: center;\">Pela segunda vez em Juiz de Fora, a campanha \u201cCarnaval sem ass\u00e9dio\u201d tendo a deputada delegada Sheila Oliveira e a Sinteac, presidida por S\u00e9rgio Felix, prometendo causar efeito. Ser\u00e3o distribu\u00eddos panfletos com informa\u00e7\u00f5es sobre o que vale e o que n\u00e3o vale na hora da divers\u00e3o e onde denunciar abusos, al\u00e9m de tatuagem remov\u00edveis com os dizeres \u201cn\u00e3o \u00e9 n\u00e3o!\u201d Apoio deste colunista.<\/p>\n<div id=\"attachment_135061\" style=\"width: 690px\" class=\"wp-caption aligncenter\"><img loading=\"lazy\" decoding=\"async\" aria-describedby=\"caption-attachment-135061\" class=\"wp-image-135061\" src=\"https:\/\/diarioregionaldigital.com.br\/wp-content\/uploads\/2019\/02\/fotoa-14-e1551389388721.jpg\" alt=\"\" width=\"680\" height=\"495\" srcset=\"https:\/\/diarioregionaldigital.com.br\/wp-content\/uploads\/2019\/02\/fotoa-14-e1551389388721.jpg 1170w, https:\/\/diarioregionaldigital.com.br\/wp-content\/uploads\/2019\/02\/fotoa-14-e1551389388721-300x218.jpg 300w, https:\/\/diarioregionaldigital.com.br\/wp-content\/uploads\/2019\/02\/fotoa-14-e1551389388721-768x559.jpg 768w, https:\/\/diarioregionaldigital.com.br\/wp-content\/uploads\/2019\/02\/fotoa-14-e1551389388721-1024x745.jpg 1024w, https:\/\/diarioregionaldigital.com.br\/wp-content\/uploads\/2019\/02\/fotoa-14-e1551389388721-360x262.jpg 360w\" sizes=\"auto, (max-width: 680px) 100vw, 680px\" \/><p id=\"caption-attachment-135061\" class=\"wp-caption-text\">Curtindo o ver\u00e3o de Cabo Frio, Marlon Ara\u00fajo<\/p><\/div>\n<div id=\"attachment_135062\" style=\"width: 690px\" class=\"wp-caption aligncenter\"><img loading=\"lazy\" decoding=\"async\" aria-describedby=\"caption-attachment-135062\" class=\"wp-image-135062\" src=\"https:\/\/diarioregionaldigital.com.br\/wp-content\/uploads\/2019\/02\/fotoaa-12-e1551389409616.jpg\" alt=\"\" width=\"680\" height=\"505\" srcset=\"https:\/\/diarioregionaldigital.com.br\/wp-content\/uploads\/2019\/02\/fotoaa-12-e1551389409616.jpg 933w, https:\/\/diarioregionaldigital.com.br\/wp-content\/uploads\/2019\/02\/fotoaa-12-e1551389409616-300x223.jpg 300w, https:\/\/diarioregionaldigital.com.br\/wp-content\/uploads\/2019\/02\/fotoaa-12-e1551389409616-768x570.jpg 768w, https:\/\/diarioregionaldigital.com.br\/wp-content\/uploads\/2019\/02\/fotoaa-12-e1551389409616-360x267.jpg 360w\" sizes=\"auto, (max-width: 680px) 100vw, 680px\" \/><p id=\"caption-attachment-135062\" class=\"wp-caption-text\">No Bloco Parangol\u00e9 Valvulado Lidiane Stambassi ladeada de Carlos Barbosa e Fabiano Garcia<\/p><\/div>\n<div id=\"attachment_135064\" style=\"width: 690px\" class=\"wp-caption aligncenter\"><img loading=\"lazy\" decoding=\"async\" aria-describedby=\"caption-attachment-135064\" class=\"wp-image-135064\" src=\"https:\/\/diarioregionaldigital.com.br\/wp-content\/uploads\/2019\/02\/fotoc-14-e1551389450680.jpg\" alt=\"\" width=\"680\" height=\"472\" srcset=\"https:\/\/diarioregionaldigital.com.br\/wp-content\/uploads\/2019\/02\/fotoc-14-e1551389450680.jpg 1646w, https:\/\/diarioregionaldigital.com.br\/wp-content\/uploads\/2019\/02\/fotoc-14-e1551389450680-300x208.jpg 300w, https:\/\/diarioregionaldigital.com.br\/wp-content\/uploads\/2019\/02\/fotoc-14-e1551389450680-768x533.jpg 768w, https:\/\/diarioregionaldigital.com.br\/wp-content\/uploads\/2019\/02\/fotoc-14-e1551389450680-1024x711.jpg 1024w, https:\/\/diarioregionaldigital.com.br\/wp-content\/uploads\/2019\/02\/fotoc-14-e1551389450680-360x250.jpg 360w, https:\/\/diarioregionaldigital.com.br\/wp-content\/uploads\/2019\/02\/fotoc-14-e1551389450680-100x70.jpg 100w\" sizes=\"auto, (max-width: 680px) 100vw, 680px\" \/><p id=\"caption-attachment-135064\" class=\"wp-caption-text\">No 4 Life em ritmo de Carnaval o empres\u00e1rio Rodrigo Bering e Eduardo Gomes<\/p><\/div>\n<div id=\"attachment_135065\" style=\"width: 690px\" class=\"wp-caption aligncenter\"><img loading=\"lazy\" decoding=\"async\" aria-describedby=\"caption-attachment-135065\" class=\"wp-image-135065\" src=\"https:\/\/diarioregionaldigital.com.br\/wp-content\/uploads\/2019\/02\/fotod-15-e1551389483754.jpg\" alt=\"\" width=\"680\" height=\"494\" srcset=\"https:\/\/diarioregionaldigital.com.br\/wp-content\/uploads\/2019\/02\/fotod-15-e1551389483754.jpg 1099w, https:\/\/diarioregionaldigital.com.br\/wp-content\/uploads\/2019\/02\/fotod-15-e1551389483754-300x218.jpg 300w, https:\/\/diarioregionaldigital.com.br\/wp-content\/uploads\/2019\/02\/fotod-15-e1551389483754-768x558.jpg 768w, https:\/\/diarioregionaldigital.com.br\/wp-content\/uploads\/2019\/02\/fotod-15-e1551389483754-1024x744.jpg 1024w, https:\/\/diarioregionaldigital.com.br\/wp-content\/uploads\/2019\/02\/fotod-15-e1551389483754-360x262.jpg 360w\" sizes=\"auto, (max-width: 680px) 100vw, 680px\" \/><p id=\"caption-attachment-135065\" class=\"wp-caption-text\">Em Ibitipoca, os lindos, Eduardo Saleme, Vin\u00edcius Tirano, Guilherme Lawall, Marcela Miranda, J\u00e9ssica Alves e Nanda Pasquini<\/p><\/div>\n<div id=\"attachment_135066\" style=\"width: 690px\" class=\"wp-caption aligncenter\"><img loading=\"lazy\" decoding=\"async\" aria-describedby=\"caption-attachment-135066\" class=\"wp-image-135066\" src=\"https:\/\/diarioregionaldigital.com.br\/wp-content\/uploads\/2019\/02\/fotof-15-e1551389500949.jpg\" alt=\"\" width=\"680\" height=\"465\" srcset=\"https:\/\/diarioregionaldigital.com.br\/wp-content\/uploads\/2019\/02\/fotof-15-e1551389500949.jpg 1717w, https:\/\/diarioregionaldigital.com.br\/wp-content\/uploads\/2019\/02\/fotof-15-e1551389500949-300x205.jpg 300w, https:\/\/diarioregionaldigital.com.br\/wp-content\/uploads\/2019\/02\/fotof-15-e1551389500949-768x525.jpg 768w, https:\/\/diarioregionaldigital.com.br\/wp-content\/uploads\/2019\/02\/fotof-15-e1551389500949-1024x700.jpg 1024w, https:\/\/diarioregionaldigital.com.br\/wp-content\/uploads\/2019\/02\/fotof-15-e1551389500949-360x246.jpg 360w\" sizes=\"auto, (max-width: 680px) 100vw, 680px\" \/><p id=\"caption-attachment-135066\" class=\"wp-caption-text\">Bonit\u00f5es de JF na praia de Ipanema no Rio, Guilherme Nascimento, C\u00e9sar Monteiro, Anderson Campos, Bruno Carraci de Melo e Paulo S\u00e9rgio Epif\u00e2nio<\/p><\/div>\n<p><img loading=\"lazy\" decoding=\"async\" class=\"aligncenter size-full wp-image-134925\" src=\"https:\/\/diarioregionaldigital.com.br\/wp-content\/uploads\/2019\/02\/Viva-Ver\u00e3o-2019_02_6x26.jpg\" alt=\"\" width=\"1000\" height=\"882\" srcset=\"https:\/\/diarioregionaldigital.com.br\/wp-content\/uploads\/2019\/02\/Viva-Ver\u00e3o-2019_02_6x26.jpg 1000w, https:\/\/diarioregionaldigital.com.br\/wp-content\/uploads\/2019\/02\/Viva-Ver\u00e3o-2019_02_6x26-300x265.jpg 300w, https:\/\/diarioregionaldigital.com.br\/wp-content\/uploads\/2019\/02\/Viva-Ver\u00e3o-2019_02_6x26-768x677.jpg 768w, https:\/\/diarioregionaldigital.com.br\/wp-content\/uploads\/2019\/02\/Viva-Ver\u00e3o-2019_02_6x26-360x318.jpg 360w, https:\/\/diarioregionaldigital.com.br\/wp-content\/uploads\/2019\/02\/Viva-Ver\u00e3o-2019_02_6x26-555x490.jpg 555w\" sizes=\"auto, (max-width: 1000px) 100vw, 1000px\" \/><\/p>\n","protected":false},"excerpt":{"rendered":"<p>Carnaval em JF Reunindo nomes tradicionais do Carnaval de Juiz de Fora dois blocos v\u00e3o arrasar saindo do Parque Halfeld na sexta-feira, 1\u00ba de fevereiro, na maior anima\u00e7\u00e3o. \u00c0s 19h, tem o Bloco Pintinho de Ouro, e \u00e0s 20h, o Bloco do Beco. No s\u00e1bado, 1\u00ba, a irreverente Banda Daki desfila \u00e0s 13h, com concentra\u00e7\u00e3o [&hellip;]<\/p>\n","protected":false},"author":96,"featured_media":135061,"comment_status":"closed","ping_status":"closed","sticky":false,"template":"","format":"standard","meta":{"footnotes":""},"categories":[264],"tags":[],"class_list":["post-135075","post","type-post","status-publish","format-standard","has-post-thumbnail","hentry","category-eduardo-gomes"],"_links":{"self":[{"href":"https:\/\/diarioregionaldigital.com.br\/index.php?rest_route=\/wp\/v2\/posts\/135075","targetHints":{"allow":["GET"]}}],"collection":[{"href":"https:\/\/diarioregionaldigital.com.br\/index.php?rest_route=\/wp\/v2\/posts"}],"about":[{"href":"https:\/\/diarioregionaldigital.com.br\/index.php?rest_route=\/wp\/v2\/types\/post"}],"author":[{"embeddable":true,"href":"https:\/\/diarioregionaldigital.com.br\/index.php?rest_route=\/wp\/v2\/users\/96"}],"replies":[{"embeddable":true,"href":"https:\/\/diarioregionaldigital.com.br\/index.php?rest_route=%2Fwp%2Fv2%2Fcomments&post=135075"}],"version-history":[{"count":0,"href":"https:\/\/diarioregionaldigital.com.br\/index.php?rest_route=\/wp\/v2\/posts\/135075\/revisions"}],"wp:featuredmedia":[{"embeddable":true,"href":"https:\/\/diarioregionaldigital.com.br\/index.php?rest_route=\/wp\/v2\/media\/135061"}],"wp:attachment":[{"href":"https:\/\/diarioregionaldigital.com.br\/index.php?rest_route=%2Fwp%2Fv2%2Fmedia&parent=135075"}],"wp:term":[{"taxonomy":"category","embeddable":true,"href":"https:\/\/diarioregionaldigital.com.br\/index.php?rest_route=%2Fwp%2Fv2%2Fcategories&post=135075"},{"taxonomy":"post_tag","embeddable":true,"href":"https:\/\/diarioregionaldigital.com.br\/index.php?rest_route=%2Fwp%2Fv2%2Ftags&post=135075"}],"curies":[{"name":"wp","href":"https:\/\/api.w.org\/{rel}","templated":true}]}}