{"id":135073,"date":"2019-02-28T18:35:19","date_gmt":"2019-02-28T21:35:19","guid":{"rendered":"https:\/\/diarioregionaldigital.com.br\/?p=135073"},"modified":"2019-02-28T20:32:42","modified_gmt":"2019-02-28T23:32:42","slug":"policia-rodoviaria-federal-intensifica-fiscalizacao-no-periodo-de-carnaval-2","status":"publish","type":"post","link":"https:\/\/diarioregionaldigital.com.br\/?p=135073","title":{"rendered":"Pol\u00edcia Rodovi\u00e1ria Federal intensifica fiscaliza\u00e7\u00e3o no per\u00edodo de Carnaval"},"content":{"rendered":"<p>Com a\u00e7\u00f5es focadas na preven\u00e7\u00e3o e diminui\u00e7\u00e3o da gravidade de acidentes, combate \u00e0s infra\u00e7\u00f5es de tr\u00e2nsito e fluidez do tr\u00e1fego, a Pol\u00edcia Rodovi\u00e1ria Federal desencadeia mais uma opera\u00e7\u00e3o nas rodovias: \u201cOpera\u00e7\u00e3o Carnaval 2019\u201d.<\/p>\n<p>A a\u00e7\u00e3o tem in\u00edcio na sexta-feira, 1\u00ba de mar\u00e7o, \u00e0s 0h, e segue at\u00e9 \u00e0s 23h59 da quarta-feira de Cinzas, 6. Haver\u00e1 um esquema especial para fiscaliza\u00e7\u00e3o e policiamento nas principais rodovias federais do pa\u00eds para combater condutas geradoras de acidentes, como o excesso de velocidade, as ultrapassagens proibidas e transitar pelo acostamento.<\/p>\n<p>A fiscaliza\u00e7\u00e3o e o policiamento ser\u00e3o intensificados atrav\u00e9s de rondas ostensivas nas rodovias. Viaturas policiais v\u00e3o estar posicionadas em pontos estrat\u00e9gicos ao longo dos trechos mais movimentados e considerados cr\u00edticos pelo alto \u00edndice de acidentes e pela elevada taxa de cometimento de infra\u00e7\u00f5es de tr\u00e2nsito. Todo o efetivo da PRF em Minas Gerais ser\u00e1 empenhado no feriado. A PRF tamb\u00e9m vai contar com o refor\u00e7o de 70 policiais vindos de outros Estados. A fiscaliza\u00e7\u00e3o contar\u00e1 ainda com 23 radares port\u00e1teis e 200 etil\u00f4metros.<\/p>\n<p>Al\u00e9m disso, a PRF dar\u00e1 \u00eanfase nas fiscaliza\u00e7\u00f5es de alcoolemia, j\u00e1 que no feriado de Carnaval h\u00e1 uma tend\u00eancia de eleva\u00e7\u00e3o no consumo de \u00e1lcool. Dirigir sob influ\u00eancia de \u00e1lcool \u00e9 uma infra\u00e7\u00e3o grav\u00edssima punida com suspens\u00e3o do direito de dirigir por doze meses e multa de R$2.934,70. A multa e a apreens\u00e3o da CNH tamb\u00e9m ser\u00e3o aplicadas ao condutor que se negar a fazer o teste no etil\u00f4metro.<\/p>\n<p>O balan\u00e7o final da Opera\u00e7\u00e3o no Estado ser\u00e1 divulgado, possivelmente, no fim da tarde quinta-feira, 7, atrav\u00e9s do Twitter @prf191mg.<\/p>\n<p>&nbsp;<\/p>\n<p><strong>Restri\u00e7\u00f5es de tr\u00e1fego<\/strong><\/p>\n<p>Por medida de seguran\u00e7a, devido ao grande aumento no fluxo de ve\u00edculos, a PRF restringir\u00e1 o tr\u00e1fego de bitrens, rodotrens, treminh\u00f5es, cegonheiras carregadas e ve\u00edculos com cargas excedentes, que necessitem de Autoriza\u00e7\u00e3o Especial de Tr\u00e2nsito (AET), somente em rodovias federais de pista simples, em alguns dias do feriado. Confira abaixo os dias e hor\u00e1rios das restri\u00e7\u00f5es:<\/p>\n<p>01\/03, sexta-feira das 16h \u00e0s 22h<\/p>\n<p>02\/03, s\u00e1bado das 06h \u00e0s 12h<\/p>\n<p>05\/03, ter\u00e7a-feira das 16h \u00e0s 22h<\/p>\n<p>06\/03, quarta-feira das 06h \u00e0s 12h<\/p>\n<p>O motorista que descumprir a determina\u00e7\u00e3o ser\u00e1 multado em R$130,16 (infra\u00e7\u00e3o m\u00e9dia), receber\u00e1 4 pontos na CNH e ter\u00e1 o ve\u00edculo retido.<\/p>\n","protected":false},"excerpt":{"rendered":"<p>Com a\u00e7\u00f5es focadas na preven\u00e7\u00e3o e diminui\u00e7\u00e3o da gravidade de acidentes, combate \u00e0s infra\u00e7\u00f5es de tr\u00e2nsito e fluidez do tr\u00e1fego, a Pol\u00edcia Rodovi\u00e1ria Federal desencadeia mais uma opera\u00e7\u00e3o nas rodovias: \u201cOpera\u00e7\u00e3o Carnaval 2019\u201d. A a\u00e7\u00e3o tem in\u00edcio na sexta-feira, 1\u00ba de mar\u00e7o, \u00e0s 0h, e segue at\u00e9 \u00e0s 23h59 da quarta-feira de Cinzas, 6. Haver\u00e1 [&hellip;]<\/p>\n","protected":false},"author":96,"featured_media":135074,"comment_status":"closed","ping_status":"closed","sticky":false,"template":"","format":"standard","meta":{"footnotes":""},"categories":[436,440,439],"tags":[],"class_list":["post-135073","post","type-post","status-publish","format-standard","has-post-thumbnail","hentry","category-destaque-da-semana","category-destaques-do-dia","category-ultima-hora"],"_links":{"self":[{"href":"https:\/\/diarioregionaldigital.com.br\/index.php?rest_route=\/wp\/v2\/posts\/135073","targetHints":{"allow":["GET"]}}],"collection":[{"href":"https:\/\/diarioregionaldigital.com.br\/index.php?rest_route=\/wp\/v2\/posts"}],"about":[{"href":"https:\/\/diarioregionaldigital.com.br\/index.php?rest_route=\/wp\/v2\/types\/post"}],"author":[{"embeddable":true,"href":"https:\/\/diarioregionaldigital.com.br\/index.php?rest_route=\/wp\/v2\/users\/96"}],"replies":[{"embeddable":true,"href":"https:\/\/diarioregionaldigital.com.br\/index.php?rest_route=%2Fwp%2Fv2%2Fcomments&post=135073"}],"version-history":[{"count":0,"href":"https:\/\/diarioregionaldigital.com.br\/index.php?rest_route=\/wp\/v2\/posts\/135073\/revisions"}],"wp:featuredmedia":[{"embeddable":true,"href":"https:\/\/diarioregionaldigital.com.br\/index.php?rest_route=\/wp\/v2\/media\/135074"}],"wp:attachment":[{"href":"https:\/\/diarioregionaldigital.com.br\/index.php?rest_route=%2Fwp%2Fv2%2Fmedia&parent=135073"}],"wp:term":[{"taxonomy":"category","embeddable":true,"href":"https:\/\/diarioregionaldigital.com.br\/index.php?rest_route=%2Fwp%2Fv2%2Fcategories&post=135073"},{"taxonomy":"post_tag","embeddable":true,"href":"https:\/\/diarioregionaldigital.com.br\/index.php?rest_route=%2Fwp%2Fv2%2Ftags&post=135073"}],"curies":[{"name":"wp","href":"https:\/\/api.w.org\/{rel}","templated":true}]}}