{"id":135052,"date":"2019-02-28T16:54:19","date_gmt":"2019-02-28T19:54:19","guid":{"rendered":"https:\/\/diarioregionaldigital.com.br\/?p=135052"},"modified":"2019-02-28T16:54:19","modified_gmt":"2019-02-28T19:54:19","slug":"proposta-exige-servidores-concursados-nas-procuradorias-municipais","status":"publish","type":"post","link":"https:\/\/diarioregionaldigital.com.br\/?p=135052","title":{"rendered":"Proposta exige servidores concursados nas procuradorias municipais"},"content":{"rendered":"<p>O senador Veneziano Vital do R\u00eago (PSB-PB) apresentou uma proposta de emenda \u00e0 Constitui\u00e7\u00e3o (PEC 7\/2019) para exigir que as procuradorias municipais tamb\u00e9m tenham seus quadros organizados em carreira e providos por concurso p\u00fablico. Tal exig\u00eancia j\u00e1 \u00e9 feita para as procuradorias estaduais, do Distrito Federal e da Uni\u00e3o.<\/p>\n<p>O procuradores municipais s\u00e3o os profissionais que representam judicial e extrajudicialmente o munic\u00edpio, al\u00e9m de prestarem assessoria jur\u00eddica ao prefeito, a secret\u00e1rios e outros administradores e a \u00f3rg\u00e3os da prefeitura. Nem todas as cidades brasileiras possuem procuradores concursados. Nesses casos, costumam recorrer a servi\u00e7os de escrit\u00f3rios de advocacia.<\/p>\n<p>O autor lembra que\u00a0 a\u00a0Constitui\u00e7\u00e3o\u00a0prev\u00ea tratamento ison\u00f4mico para a administra\u00e7\u00e3o p\u00fablica da Uni\u00e3o, dos estados, do Distrito Federal e dos munic\u00edpios, com disposi\u00e7\u00f5es semelhantes em rela\u00e7\u00e3o aos servidores p\u00fablicos. No entanto, argumenta, os artigos 131 e 132 da\u00a0Carta\u00a0mant\u00eam tratamento diferenciado \u00e0 advocacia p\u00fablica dos munic\u00edpios, sem qualquer justificativa plaus\u00edvel, e ainda possibilitam a atua\u00e7\u00e3o de profissionais sem qualquer v\u00ednculo efetivo com a municipalidade.<\/p>\n<p>\u201cH\u00e1, a nosso ver, tratamento desigual a situa\u00e7\u00f5es que deveriam receber tratamento id\u00eantico, sobretudo se consideramos a relev\u00e2ncia de tais atribui\u00e7\u00f5es para a defesa da moralidade administrativa. A proposta apresentada busca corrigir tal distor\u00e7\u00e3o\u201d, justificou.<\/p>\n<p>A PEC 7\/2019 est\u00e1 na Comiss\u00e3o de Constitui\u00e7\u00e3o e Justi\u00e7a (CCJ), onde aguarda a designa\u00e7\u00e3o de relator. Veneziano Vital do R\u00eago \u00e9 o primeiro signat\u00e1rio, mas a proposta recebeu o apoio de outros 27 senadores.<\/p>\n<p>&nbsp;<\/p>\n<p>Fonte: Ag\u00eancia Senado<\/p>\n","protected":false},"excerpt":{"rendered":"<p>O senador Veneziano Vital do R\u00eago (PSB-PB) apresentou uma proposta de emenda \u00e0 Constitui\u00e7\u00e3o (PEC 7\/2019) para exigir que as procuradorias municipais tamb\u00e9m tenham seus quadros organizados em carreira e providos por concurso p\u00fablico. Tal exig\u00eancia j\u00e1 \u00e9 feita para as procuradorias estaduais, do Distrito Federal e da Uni\u00e3o. O procuradores municipais s\u00e3o os profissionais [&hellip;]<\/p>\n","protected":false},"author":96,"featured_media":135053,"comment_status":"closed","ping_status":"closed","sticky":false,"template":"","format":"standard","meta":{"footnotes":""},"categories":[436,254,439],"tags":[],"class_list":["post-135052","post","type-post","status-publish","format-standard","has-post-thumbnail","hentry","category-destaque-da-semana","category-politica","category-ultima-hora"],"_links":{"self":[{"href":"https:\/\/diarioregionaldigital.com.br\/index.php?rest_route=\/wp\/v2\/posts\/135052","targetHints":{"allow":["GET"]}}],"collection":[{"href":"https:\/\/diarioregionaldigital.com.br\/index.php?rest_route=\/wp\/v2\/posts"}],"about":[{"href":"https:\/\/diarioregionaldigital.com.br\/index.php?rest_route=\/wp\/v2\/types\/post"}],"author":[{"embeddable":true,"href":"https:\/\/diarioregionaldigital.com.br\/index.php?rest_route=\/wp\/v2\/users\/96"}],"replies":[{"embeddable":true,"href":"https:\/\/diarioregionaldigital.com.br\/index.php?rest_route=%2Fwp%2Fv2%2Fcomments&post=135052"}],"version-history":[{"count":0,"href":"https:\/\/diarioregionaldigital.com.br\/index.php?rest_route=\/wp\/v2\/posts\/135052\/revisions"}],"wp:featuredmedia":[{"embeddable":true,"href":"https:\/\/diarioregionaldigital.com.br\/index.php?rest_route=\/wp\/v2\/media\/135053"}],"wp:attachment":[{"href":"https:\/\/diarioregionaldigital.com.br\/index.php?rest_route=%2Fwp%2Fv2%2Fmedia&parent=135052"}],"wp:term":[{"taxonomy":"category","embeddable":true,"href":"https:\/\/diarioregionaldigital.com.br\/index.php?rest_route=%2Fwp%2Fv2%2Fcategories&post=135052"},{"taxonomy":"post_tag","embeddable":true,"href":"https:\/\/diarioregionaldigital.com.br\/index.php?rest_route=%2Fwp%2Fv2%2Ftags&post=135052"}],"curies":[{"name":"wp","href":"https:\/\/api.w.org\/{rel}","templated":true}]}}