{"id":134986,"date":"2019-02-28T06:00:48","date_gmt":"2019-02-28T09:00:48","guid":{"rendered":"https:\/\/diarioregionaldigital.com.br\/?p=134986"},"modified":"2019-02-28T03:00:51","modified_gmt":"2019-02-28T06:00:51","slug":"prefeitura-municipal-de-santana-do-deserto-licitacao-no36-28-02-19","status":"publish","type":"post","link":"https:\/\/diarioregionaldigital.com.br\/?p=134986","title":{"rendered":"Prefeitura Municipal de Santana do Deserto &#8211; Licita\u00e7\u00e3o n\u00ba36 &#8211; 28\/02\/19"},"content":{"rendered":"<p style=\"text-align: center;\"><strong>Prefeitura Municipal de Santana do Deserto<\/strong><\/p>\n<p style=\"text-align: center;\">Licita\u00e7\u00e3o n\u00b036\/2019 &#8211; PP n\u00b0 04\/2019 PARA REGISTRO DE PRE\u00c7OS &#8211; O Munic\u00edpio de Santana do Deserto, na forma da lei, faz saber que \u00e0s 09h00 min do dia 18 de mar\u00e7o de 2019, na Prefeitura, na sala de licita\u00e7\u00e3o, localizada \u00e0 Pra\u00e7a. Mauro Roquete Pinto, Santana do Deserto, ser\u00e1 realizada licita\u00e7\u00e3o para futura e eventual aquisi\u00e7\u00e3o de Medicamentos \u00c9ticos. Tipo Maior Desconto na LISTA CMED ANVISA conforme consta no edital que se encontra a disposi\u00e7\u00e3o de todos na Prefeitura, ou em:\u00a0<a href=\"mailto:licitacao@santanadodeserto.mg.gov.br\">licitacao@santanadodeserto.mg.gov.br<\/a><\/p>\n","protected":false},"excerpt":{"rendered":"<p>Prefeitura Municipal de Santana do Deserto Licita\u00e7\u00e3o n\u00b036\/2019 &#8211; PP n\u00b0 04\/2019 PARA REGISTRO DE PRE\u00c7OS &#8211; O Munic\u00edpio de Santana do Deserto, na forma da lei, faz saber que \u00e0s 09h00 min do dia 18 de mar\u00e7o de 2019, na Prefeitura, na sala de licita\u00e7\u00e3o, localizada \u00e0 Pra\u00e7a. Mauro Roquete Pinto, Santana do Deserto, [&hellip;]<\/p>\n","protected":false},"author":96,"featured_media":0,"comment_status":"closed","ping_status":"closed","sticky":false,"template":"","format":"standard","meta":{"footnotes":""},"categories":[307],"tags":[],"class_list":["post-134986","post","type-post","status-publish","format-standard","hentry","category-editais"],"_links":{"self":[{"href":"https:\/\/diarioregionaldigital.com.br\/index.php?rest_route=\/wp\/v2\/posts\/134986","targetHints":{"allow":["GET"]}}],"collection":[{"href":"https:\/\/diarioregionaldigital.com.br\/index.php?rest_route=\/wp\/v2\/posts"}],"about":[{"href":"https:\/\/diarioregionaldigital.com.br\/index.php?rest_route=\/wp\/v2\/types\/post"}],"author":[{"embeddable":true,"href":"https:\/\/diarioregionaldigital.com.br\/index.php?rest_route=\/wp\/v2\/users\/96"}],"replies":[{"embeddable":true,"href":"https:\/\/diarioregionaldigital.com.br\/index.php?rest_route=%2Fwp%2Fv2%2Fcomments&post=134986"}],"version-history":[{"count":0,"href":"https:\/\/diarioregionaldigital.com.br\/index.php?rest_route=\/wp\/v2\/posts\/134986\/revisions"}],"wp:attachment":[{"href":"https:\/\/diarioregionaldigital.com.br\/index.php?rest_route=%2Fwp%2Fv2%2Fmedia&parent=134986"}],"wp:term":[{"taxonomy":"category","embeddable":true,"href":"https:\/\/diarioregionaldigital.com.br\/index.php?rest_route=%2Fwp%2Fv2%2Fcategories&post=134986"},{"taxonomy":"post_tag","embeddable":true,"href":"https:\/\/diarioregionaldigital.com.br\/index.php?rest_route=%2Fwp%2Fv2%2Ftags&post=134986"}],"curies":[{"name":"wp","href":"https:\/\/api.w.org\/{rel}","templated":true}]}}