{"id":134974,"date":"2019-02-28T06:00:56","date_gmt":"2019-02-28T09:00:56","guid":{"rendered":"https:\/\/diarioregionaldigital.com.br\/?p=134974"},"modified":"2019-02-28T02:44:55","modified_gmt":"2019-02-28T05:44:55","slug":"camara-municipal-de-matias-barbosa-mg-pregao-no03-28-02-19","status":"publish","type":"post","link":"https:\/\/diarioregionaldigital.com.br\/?p=134974","title":{"rendered":"C\u00e2mara Municipal de Matias Barbosa-MG &#8211; Preg\u00e3o n\u00ba03 &#8211; 28\/02\/19"},"content":{"rendered":"<p style=\"text-align: center;\"><strong>C\u00c2MARA MUNICIPAL DE MATIAS BARBOSA &#8211; MG<\/strong><\/p>\n<p style=\"text-align: center;\"><strong>AVISO DE LICITA\u00c7\u00c3O<\/strong><\/p>\n<p style=\"text-align: center;\"><strong>PROCESSO LICITAT\u00d3RIO N\u00ba. 24\/2019<\/strong><\/p>\n<p style=\"text-align: center;\"><strong>PREG\u00c3O N\u00ba. 03\/2019<\/strong><\/p>\n<p><strong>OBJETO: <\/strong>Registro de pre\u00e7os para aquisi\u00e7\u00e3o de combust\u00edvel l\u00edquido (gasolina comum), visando atender o abastecimento do ve\u00edculo oficial de placa HLF-8706 da C\u00e2mara Municipal Matias Barbosa com entrega parcelada, conforme condi\u00e7\u00f5es, quantidades e exig\u00eancias estabelecidas neste Edital e seus Anexos.<\/p>\n<p><strong>SETOR REQUISITANTE: <\/strong>Presid\u00eancia da C\u00e2mara Municipal de Matias Barbosa<\/p>\n<p><strong>ENTREGA E ABERTURA DOS ENVELOPES DE \u201cHABILITA\u00c7\u00c3O\u201d E \u201cPROPOSTA COMERCIAL\u201d:<\/strong><\/p>\n<p><strong>DATA: <\/strong>18\/03\/2018<\/p>\n<p><strong>HOR\u00c1RIO:<\/strong> 09:00 (nove horas)<\/p>\n<p><strong>LOCAL: <\/strong>Sala de reuni\u00f5es da C\u00e2mara Municipal de Matias Barbosa, situada na Avenida Engenheiro Paulo Brand\u00e3o, n\u00b0. 380, Loteamento: Parque dos Sabi\u00e1s, na cidade de Matias Barbosa \u2013 MG. CEP: 36.120-000.<\/p>\n<p><strong>CONSULTAS AO EDITAL, E DIVULGA\u00c7\u00c3O DE INFORMA\u00c7\u00d5ES: <\/strong>No site C\u00e2mara Municipal, www.matiasbarbosa.mg.leg.br.<\/p>\n<p><strong>ESCLARECIMENTOS: <\/strong>Eventuais d\u00favidas podem ser esclarecidas atrav\u00e9s do e-mail: <u>licitacao@matiasbarbosa.mg.leg.br<\/u>,<\/p>\n<p><strong>TEl:<\/strong> (32) 3273 5719 ou (32) 3273 5720.<\/p>\n","protected":false},"excerpt":{"rendered":"<p>C\u00c2MARA MUNICIPAL DE MATIAS BARBOSA &#8211; MG AVISO DE LICITA\u00c7\u00c3O PROCESSO LICITAT\u00d3RIO N\u00ba. 24\/2019 PREG\u00c3O N\u00ba. 03\/2019 OBJETO: Registro de pre\u00e7os para aquisi\u00e7\u00e3o de combust\u00edvel l\u00edquido (gasolina comum), visando atender o abastecimento do ve\u00edculo oficial de placa HLF-8706 da C\u00e2mara Municipal Matias Barbosa com entrega parcelada, conforme condi\u00e7\u00f5es, quantidades e exig\u00eancias estabelecidas neste Edital e [&hellip;]<\/p>\n","protected":false},"author":96,"featured_media":0,"comment_status":"closed","ping_status":"closed","sticky":false,"template":"","format":"standard","meta":{"footnotes":""},"categories":[307],"tags":[],"class_list":["post-134974","post","type-post","status-publish","format-standard","hentry","category-editais"],"_links":{"self":[{"href":"https:\/\/diarioregionaldigital.com.br\/index.php?rest_route=\/wp\/v2\/posts\/134974","targetHints":{"allow":["GET"]}}],"collection":[{"href":"https:\/\/diarioregionaldigital.com.br\/index.php?rest_route=\/wp\/v2\/posts"}],"about":[{"href":"https:\/\/diarioregionaldigital.com.br\/index.php?rest_route=\/wp\/v2\/types\/post"}],"author":[{"embeddable":true,"href":"https:\/\/diarioregionaldigital.com.br\/index.php?rest_route=\/wp\/v2\/users\/96"}],"replies":[{"embeddable":true,"href":"https:\/\/diarioregionaldigital.com.br\/index.php?rest_route=%2Fwp%2Fv2%2Fcomments&post=134974"}],"version-history":[{"count":0,"href":"https:\/\/diarioregionaldigital.com.br\/index.php?rest_route=\/wp\/v2\/posts\/134974\/revisions"}],"wp:attachment":[{"href":"https:\/\/diarioregionaldigital.com.br\/index.php?rest_route=%2Fwp%2Fv2%2Fmedia&parent=134974"}],"wp:term":[{"taxonomy":"category","embeddable":true,"href":"https:\/\/diarioregionaldigital.com.br\/index.php?rest_route=%2Fwp%2Fv2%2Fcategories&post=134974"},{"taxonomy":"post_tag","embeddable":true,"href":"https:\/\/diarioregionaldigital.com.br\/index.php?rest_route=%2Fwp%2Fv2%2Ftags&post=134974"}],"curies":[{"name":"wp","href":"https:\/\/api.w.org\/{rel}","templated":true}]}}