{"id":134971,"date":"2019-02-28T00:16:34","date_gmt":"2019-02-28T03:16:34","guid":{"rendered":"https:\/\/diarioregionaldigital.com.br\/?p=134971"},"modified":"2019-02-28T00:16:34","modified_gmt":"2019-02-28T03:16:34","slug":"selecao-feminina-celebra-os-100-dias-para-a-copa-do-mundo","status":"publish","type":"post","link":"https:\/\/diarioregionaldigital.com.br\/?p=134971","title":{"rendered":"Sele\u00e7\u00e3o Feminina celebra os 100 dias para a Copa do Mundo"},"content":{"rendered":"<p>Faltam 100 dias para a Copa do Mundo! \u00c9 nessa empolga\u00e7\u00e3o que a Sele\u00e7\u00e3o Brasileira Feminina, nesta semana em que \u00a0estreia no Torneio She Believes diante da Inglaterra. Afinal, o grande objetivo do ano est\u00e1 chegando. No dia 7 de junho ser\u00e1 dada a largada para a edi\u00e7\u00e3o que promete ser a maior da hist\u00f3ria da competi\u00e7\u00e3o.\u00a0A partir de agora, come\u00e7a a contagem regressiva para a estreia, no dia 9 de junho, diante da Jamaica, em Grenoble, E o objetivo \u00e9 um s\u00f3: a busca pelo\u00a0primeiro t\u00edtulo Mundial.<\/p>\n<p>O Brasil participou de todas as sete edi\u00e7\u00f5es da Copa do Mundo Feminina e estar\u00e1 na oitava presen\u00e7a neste ano na Fran\u00e7a. Uma hist\u00f3ria que se confunde at\u00e9 mesmo com a da volante Formiga. Imposs\u00edvel n\u00e3o relacionar o Brasil sem a presen\u00e7a da meio-campista na equipe. Apenas na primeira edi\u00e7\u00e3o, em 1991 na China, ela n\u00e3o esteve presente. Desde ent\u00e3o, l\u00e1 estava a incans\u00e1vel Miraldes em campo, honrando a camisa amarela desde os seus 17 anos de idade. Neste ano, poder\u00e1 disputar seu s\u00e9timo Mundial aos 41 anos de idade, um recorde.<\/p>\n<p>O sentimento \u00e9 compartilhado pelas companheiras de Sele\u00e7\u00e3o, at\u00e9 mesmo por aqueles acostumadas com momentos de emo\u00e7\u00e3o. A Rainha Marta poder\u00e1 disputar sua quinta edi\u00e7\u00e3o de Copa do Mundo neste ano. Ap\u00f3s Formiga, ela \u00e9 a segunda na lista de brasileiras com mais presen\u00e7a em Copas do Mundo, seguida da atacante Cristiane com tr\u00eas participa\u00e7\u00f5es.<\/p>\n<p>&#8220;\u00c9 aquilo que a gente gosta de fazer, que \u00e9 jogar futebol. \u00c9 a nossa vida! Ent\u00e3o se n\u00e3o tiver essa emo\u00e7\u00e3o e ansiedade de chegar logo, de participar e de estar vivenciando no dia a dia esse clima de Copa do Mundo, n\u00e3o faria sentido. Isso \u00e9 algo constante nas nossas vidas e estamos nos preparando&#8221;, revela Marta.<\/p>\n<p>A estreia do Brasil na Copa do Mundo da Fran\u00e7a ser\u00e1 diante da Jamaica, no dia 9 de junho, em Grenoble. Em seguida ter\u00e1 a Austr\u00e1lia pela frente, no dia 13, em Montepellier. Fechando a fase de grupos, as brasileiras enfrentar\u00e3o a It\u00e1lia, no dia 18, em Valenciennes.<\/p>\n<p>A Sele\u00e7\u00e3o Feminina segue a prepara\u00e7\u00e3o para a Copa do Mundo. Nesta Data Fifa, a equipe participa do Torneio She Believes, onde ir\u00e1 enfrentar sele\u00e7\u00f5es de peso como EUA, Inglaterra e Jap\u00e3o. Logo mais pela tarde, \u00e0s 18h10 do Brasil, a equipe comandada por Vad\u00e3o far\u00e1 a estreia na competi\u00e7\u00e3o diante das inglesas.<\/p>\n<p><strong>Fonte: CBF <\/strong><\/p>\n<p>&nbsp;<\/p>\n","protected":false},"excerpt":{"rendered":"<p>Faltam 100 dias para a Copa do Mundo! \u00c9 nessa empolga\u00e7\u00e3o que a Sele\u00e7\u00e3o Brasileira Feminina, nesta semana em que \u00a0estreia no Torneio She Believes diante da Inglaterra. Afinal, o grande objetivo do ano est\u00e1 chegando. No dia 7 de junho ser\u00e1 dada a largada para a edi\u00e7\u00e3o que promete ser a maior da hist\u00f3ria [&hellip;]<\/p>\n","protected":false},"author":96,"featured_media":134972,"comment_status":"closed","ping_status":"closed","sticky":false,"template":"","format":"standard","meta":{"footnotes":""},"categories":[257,439],"tags":[],"class_list":["post-134971","post","type-post","status-publish","format-standard","has-post-thumbnail","hentry","category-esporte","category-ultima-hora"],"_links":{"self":[{"href":"https:\/\/diarioregionaldigital.com.br\/index.php?rest_route=\/wp\/v2\/posts\/134971","targetHints":{"allow":["GET"]}}],"collection":[{"href":"https:\/\/diarioregionaldigital.com.br\/index.php?rest_route=\/wp\/v2\/posts"}],"about":[{"href":"https:\/\/diarioregionaldigital.com.br\/index.php?rest_route=\/wp\/v2\/types\/post"}],"author":[{"embeddable":true,"href":"https:\/\/diarioregionaldigital.com.br\/index.php?rest_route=\/wp\/v2\/users\/96"}],"replies":[{"embeddable":true,"href":"https:\/\/diarioregionaldigital.com.br\/index.php?rest_route=%2Fwp%2Fv2%2Fcomments&post=134971"}],"version-history":[{"count":0,"href":"https:\/\/diarioregionaldigital.com.br\/index.php?rest_route=\/wp\/v2\/posts\/134971\/revisions"}],"wp:featuredmedia":[{"embeddable":true,"href":"https:\/\/diarioregionaldigital.com.br\/index.php?rest_route=\/wp\/v2\/media\/134972"}],"wp:attachment":[{"href":"https:\/\/diarioregionaldigital.com.br\/index.php?rest_route=%2Fwp%2Fv2%2Fmedia&parent=134971"}],"wp:term":[{"taxonomy":"category","embeddable":true,"href":"https:\/\/diarioregionaldigital.com.br\/index.php?rest_route=%2Fwp%2Fv2%2Fcategories&post=134971"},{"taxonomy":"post_tag","embeddable":true,"href":"https:\/\/diarioregionaldigital.com.br\/index.php?rest_route=%2Fwp%2Fv2%2Ftags&post=134971"}],"curies":[{"name":"wp","href":"https:\/\/api.w.org\/{rel}","templated":true}]}}