{"id":134960,"date":"2019-02-28T00:08:47","date_gmt":"2019-02-28T03:08:47","guid":{"rendered":"https:\/\/diarioregionaldigital.com.br\/?p=134960"},"modified":"2019-02-28T00:09:17","modified_gmt":"2019-02-28T03:09:17","slug":"abertas-inscricoes-para-os-jogos-escolares-de-minas-gerais","status":"publish","type":"post","link":"https:\/\/diarioregionaldigital.com.br\/?p=134960","title":{"rendered":"Abertas inscri\u00e7\u00f5es para os Jogos Escolares de Minas Gerais"},"content":{"rendered":"<p>As cidades interessadas em garantir uma vaga no maior evento esportivo-social do\u00a0<a href=\"http:\/\/www.mg.gov.br\/\">Governo de Minas<\/a>, os Jogos Escolares de Minas Gerais (Jemg) de 2019, devem ficar atentas. As inscri\u00e7\u00f5es j\u00e1 est\u00e3o abertas e v\u00e3o at\u00e9 o dia 11 de mar\u00e7o. Promovido pela\u00a0<a href=\"http:\/\/www.social.mg.gov.br\/\">Secretaria de Desenvolvimento Social<\/a>, que re\u00fane as \u00e1reas da Assist\u00eancia Social, Trabalho, Direitos Humanos e Esportes, em parceria com a\u00a0<a href=\"http:\/\/www.educacao.mg.gov.br\/\">Secretaria de Estado da Educa\u00e7\u00e3o (SEE)<\/a>, o Jemg \u00e9 destinado a jovens de 12 a 17 anos das escolas p\u00fablicas e particulares do estado. No ano passado, 701 munic\u00edpios participaram das competi\u00e7\u00f5es, executadas pela Federa\u00e7\u00e3o de Esportes Estudantis de Minas Gerais (Feemg).<\/p>\n<p>O processo de inscri\u00e7\u00e3o \u00e9 simples e r\u00e1pido: basta o representante municipal acessar o site\u00a0<a href=\"http:\/\/esportes.mg.gov.br\/jogosescolares.esportes.mg.gov.br\">jogosescolares.esportes.mg.gov.br<\/a>. Est\u00e3o dispon\u00edveis tamb\u00e9m para consulta o regulamento geral e os espec\u00edficos de cada modalidade, al\u00e9m de um passo a passo para as inscri\u00e7\u00f5es das cidades e das escolas. As competi\u00e7\u00f5es s\u00e3o realizadas em tr\u00eas etapas. Na microrregional, de abril a junho, os jogos acontecem em sedes nas \u00e1reas de abrang\u00eancia das 47 Superintend\u00eancias Regionais de Ensino de Minas Gerais e t\u00eam dura\u00e7\u00e3o m\u00e9dia de oito semanas. Nela, est\u00e3o inclu\u00eddos basquetebol, futsal, handebol, v\u00f4lei e xadrez.<\/p>\n<p>Os campe\u00f5es em cada uma dessas modalidades e os quatro primeiros colocados no xadrez avan\u00e7am para a etapa regional, realizada nas seguintes regi\u00f5es: Tri\u00e2ngulo Mineiro, Sul de Minas, Zona da Mata, Vale do A\u00e7o, Central e no Norte de Minas. Esta etapa, que deve ser realizada tamb\u00e9m em junho, inclui o v\u00f4lei de praia e a peteca.<\/p>\n<p>Os vencedores da etapa regional seguem para a estadual, que no ano passado foi realizada na cidade de Uberaba, no Tri\u00e2ngulo Mineiro. Nesta fase, entram todas as modalidades de esportes j\u00e1 executadas, incluindo ainda o atletismo, badminton, ciclismo, gin\u00e1stica r\u00edtmica, jud\u00f4, luta ol\u00edmpica, nata\u00e7\u00e3o e t\u00eanis de mesa, al\u00e9m das modalidades paral\u00edmpicas, como o atletismo PCD, bocha, futebol de 5, futebol de 7, golbol, jud\u00f4 PCD, nata\u00e7\u00e3o PCD, t\u00eanis de mesa PCD, t\u00eanis em cadeira de rodas e v\u00f4lei sentado.<\/p>\n<p>Os Jogos Escolares de Minas Gerais buscam fomentar a pr\u00e1tica do esporte para fins educativos e contribuir para o desenvolvimento integral do estudante, estimulando o pleno exerc\u00edcio da cidadania e a pr\u00e1tica esportiva nas institui\u00e7\u00f5es de ensino fundamental e m\u00e9dio das redes p\u00fablicas e particulares. Al\u00e9m disso, indica o representante do estado nos Jogos Escolares da Juventude e Paralimp\u00edadas Escolares, competi\u00e7\u00f5es nacionais promovidas pelo Comit\u00ea Ol\u00edmpico do Brasil e Comit\u00ea Paral\u00edmpico Brasileiro, respectivamente.<\/p>\n<p><strong>Via\u00a0<\/strong><a href=\"http:\/\/www.agenciaminas.mg.gov.br\/noticia\/abertas-inscricoes-para-os-jogos-escolares-de-minas-gerais\"><strong>Ag\u00eancia Minas<\/strong><\/a><\/p>\n","protected":false},"excerpt":{"rendered":"<p>As cidades interessadas em garantir uma vaga no maior evento esportivo-social do\u00a0Governo de Minas, os Jogos Escolares de Minas Gerais (Jemg) de 2019, devem ficar atentas. As inscri\u00e7\u00f5es j\u00e1 est\u00e3o abertas e v\u00e3o at\u00e9 o dia 11 de mar\u00e7o. Promovido pela\u00a0Secretaria de Desenvolvimento Social, que re\u00fane as \u00e1reas da Assist\u00eancia Social, Trabalho, Direitos Humanos e [&hellip;]<\/p>\n","protected":false},"author":96,"featured_media":134961,"comment_status":"closed","ping_status":"closed","sticky":false,"template":"","format":"standard","meta":{"footnotes":""},"categories":[257,439],"tags":[],"class_list":["post-134960","post","type-post","status-publish","format-standard","has-post-thumbnail","hentry","category-esporte","category-ultima-hora"],"_links":{"self":[{"href":"https:\/\/diarioregionaldigital.com.br\/index.php?rest_route=\/wp\/v2\/posts\/134960","targetHints":{"allow":["GET"]}}],"collection":[{"href":"https:\/\/diarioregionaldigital.com.br\/index.php?rest_route=\/wp\/v2\/posts"}],"about":[{"href":"https:\/\/diarioregionaldigital.com.br\/index.php?rest_route=\/wp\/v2\/types\/post"}],"author":[{"embeddable":true,"href":"https:\/\/diarioregionaldigital.com.br\/index.php?rest_route=\/wp\/v2\/users\/96"}],"replies":[{"embeddable":true,"href":"https:\/\/diarioregionaldigital.com.br\/index.php?rest_route=%2Fwp%2Fv2%2Fcomments&post=134960"}],"version-history":[{"count":0,"href":"https:\/\/diarioregionaldigital.com.br\/index.php?rest_route=\/wp\/v2\/posts\/134960\/revisions"}],"wp:featuredmedia":[{"embeddable":true,"href":"https:\/\/diarioregionaldigital.com.br\/index.php?rest_route=\/wp\/v2\/media\/134961"}],"wp:attachment":[{"href":"https:\/\/diarioregionaldigital.com.br\/index.php?rest_route=%2Fwp%2Fv2%2Fmedia&parent=134960"}],"wp:term":[{"taxonomy":"category","embeddable":true,"href":"https:\/\/diarioregionaldigital.com.br\/index.php?rest_route=%2Fwp%2Fv2%2Fcategories&post=134960"},{"taxonomy":"post_tag","embeddable":true,"href":"https:\/\/diarioregionaldigital.com.br\/index.php?rest_route=%2Fwp%2Fv2%2Ftags&post=134960"}],"curies":[{"name":"wp","href":"https:\/\/api.w.org\/{rel}","templated":true}]}}