{"id":134957,"date":"2019-02-28T00:05:17","date_gmt":"2019-02-28T03:05:17","guid":{"rendered":"https:\/\/diarioregionaldigital.com.br\/?p=134957"},"modified":"2019-02-28T00:05:17","modified_gmt":"2019-02-28T03:05:17","slug":"nicanor-pires-nao-e-mais-diretor-tecnico-do-tupi","status":"publish","type":"post","link":"https:\/\/diarioregionaldigital.com.br\/?p=134957","title":{"rendered":"Nicanor Pires n\u00e3o \u00e9 mais diretor t\u00e9cnico do Tupi"},"content":{"rendered":"<p>O diretor de futebol do Tupi, Nicanor Pires, teve sua sa\u00edda do time anunciada no inicio desta semana.<\/p>\n<p>O profissional j\u00e1 comunicou aos atletas sobre a decis\u00e3o da c\u00fapula alvinegra. O clube infromou que a decis\u00e3o foi em comum acordo. O t\u00e9cnico Gerson Evaristo, o preparador de goleiros Hugo Rodrigues, o auxiliar Andrezinho e o preparador f\u00edsico Talles Warol foram dispensados.<\/p>\n<p><strong>Confira a nota divulgada pelo Tupi sobre a sa\u00eddaa de Nicanor Pires:<\/strong><\/p>\n<p><em>O Tupi Foot Ball Club comunica que em comum acordo, Nicanor Pires n\u00e3o responde mais pelo Departamento de Futebol do clube. Agradecemos ao ex-dirigente pelo profissionalismo, lealdade, abnega\u00e7\u00e3o e in\u00fameras vit\u00f3rias no comando do futebol Carij\u00f3 e desejamos sucesso nos trabalhos futuros.<\/em><\/p>\n<p><em>\u00a0<\/em><\/p>\n<p>&nbsp;<\/p>\n<p>&nbsp;<\/p>\n","protected":false},"excerpt":{"rendered":"<p>O diretor de futebol do Tupi, Nicanor Pires, teve sua sa\u00edda do time anunciada no inicio desta semana. O profissional j\u00e1 comunicou aos atletas sobre a decis\u00e3o da c\u00fapula alvinegra. O clube infromou que a decis\u00e3o foi em comum acordo. O t\u00e9cnico Gerson Evaristo, o preparador de goleiros Hugo Rodrigues, o auxiliar Andrezinho e o [&hellip;]<\/p>\n","protected":false},"author":96,"featured_media":134958,"comment_status":"closed","ping_status":"closed","sticky":false,"template":"","format":"standard","meta":{"footnotes":""},"categories":[257],"tags":[],"class_list":["post-134957","post","type-post","status-publish","format-standard","has-post-thumbnail","hentry","category-esporte"],"_links":{"self":[{"href":"https:\/\/diarioregionaldigital.com.br\/index.php?rest_route=\/wp\/v2\/posts\/134957","targetHints":{"allow":["GET"]}}],"collection":[{"href":"https:\/\/diarioregionaldigital.com.br\/index.php?rest_route=\/wp\/v2\/posts"}],"about":[{"href":"https:\/\/diarioregionaldigital.com.br\/index.php?rest_route=\/wp\/v2\/types\/post"}],"author":[{"embeddable":true,"href":"https:\/\/diarioregionaldigital.com.br\/index.php?rest_route=\/wp\/v2\/users\/96"}],"replies":[{"embeddable":true,"href":"https:\/\/diarioregionaldigital.com.br\/index.php?rest_route=%2Fwp%2Fv2%2Fcomments&post=134957"}],"version-history":[{"count":0,"href":"https:\/\/diarioregionaldigital.com.br\/index.php?rest_route=\/wp\/v2\/posts\/134957\/revisions"}],"wp:featuredmedia":[{"embeddable":true,"href":"https:\/\/diarioregionaldigital.com.br\/index.php?rest_route=\/wp\/v2\/media\/134958"}],"wp:attachment":[{"href":"https:\/\/diarioregionaldigital.com.br\/index.php?rest_route=%2Fwp%2Fv2%2Fmedia&parent=134957"}],"wp:term":[{"taxonomy":"category","embeddable":true,"href":"https:\/\/diarioregionaldigital.com.br\/index.php?rest_route=%2Fwp%2Fv2%2Fcategories&post=134957"},{"taxonomy":"post_tag","embeddable":true,"href":"https:\/\/diarioregionaldigital.com.br\/index.php?rest_route=%2Fwp%2Fv2%2Ftags&post=134957"}],"curies":[{"name":"wp","href":"https:\/\/api.w.org\/{rel}","templated":true}]}}