{"id":134954,"date":"2019-02-28T00:03:32","date_gmt":"2019-02-28T03:03:32","guid":{"rendered":"https:\/\/diarioregionaldigital.com.br\/?p=134954"},"modified":"2019-02-28T00:03:32","modified_gmt":"2019-02-28T03:03:32","slug":"alberto-simao-oficializa-sua-saida-do-tupynambas-para-o-palmeiras","status":"publish","type":"post","link":"https:\/\/diarioregionaldigital.com.br\/?p=134954","title":{"rendered":"Alberto Sim\u00e3o oficializa sua sa\u00edda do Tupynamb\u00e1s para o Palmeiras"},"content":{"rendered":"<p>Ap\u00f3s a vit\u00f3ria que praticamente garantiu a perman\u00eancia do Tupynamb\u00e1s na elite do Campeonato Mineiro e encaminhou a classifica\u00e7\u00e3o \u00e0s quartas de final, a despedida. O diretor executivo Alberto Sim\u00e3o reuniu a imprensa no in\u00edcio da tarde deste domingo e, ao lado do vice de futebol Cl\u00e1udio Dias, comunicou oficialmente a sa\u00edda do projeto do Baeta.<\/p>\n<p>\u201cEstamos conduzindo o clube a quatro m\u00e3os, e ele j\u00e1 sabia da minha negocia\u00e7\u00e3o com o Palmeiras, sempre deixei claro isso ao Tupynamb\u00e1s. Tinha um contrato de arrendamento no futebol do Tupynamb\u00e1s por cinco anos com op\u00e7\u00e3o por renova\u00e7\u00e3o. Antes mesmo do Campeonato Mineiro n\u00f3s desfizemos por liberdade de ambas as partes. Hoje estamos muito mais pelo relacionamento, pela hombridade. O clube passa por uma mudan\u00e7a administrativa, existem alguns questionamentos do clube na \u00e1rea pol\u00edtica que est\u00e3o tratando da melhor maneira poss\u00edvel. Gra\u00e7as a Deus o futebol nunca esteve envolvido em nenhum problema. O Tupynamb\u00e1s hoje \u00e9 um clube saneado. Tem problemas sociais, quest\u00e3o de impostos, poucas coisas, mas \u00e9 um clube que est\u00e1 preparado para dar um passo maior. O Alberto est\u00e1 dando um passo na carreira dele. O ser humano vive de desafios, de ambi\u00e7\u00e3o, e neste momento estou fazendo a escolha de buscar novos ares e projetos, com a responsabilidade de fazer a melhor transi\u00e7\u00e3o poss\u00edvel. A gente est\u00e1 dividindo todas as fun\u00e7\u00f5es. O importante \u00e9 n\u00e3o ter vaidade nesse momento. Por mais que o Alberto trouxe o futebol do Tupynamb\u00e1s de volta, o futebol n\u00e3o \u00e9 dele, mas do clube. \u00c9 centen\u00e1rio e tem todas as condi\u00e7\u00f5es de dar sequ\u00eancia nesse projeto lindo e maravilhoso\u201d, explica Sim\u00e3o.<\/p>\n<p>O Tupynamb\u00e1s volta a campo somente no dia 9 de mar\u00e7o, contra o Am\u00e9rica, na Arena Independ\u00eancia.<\/p>\n","protected":false},"excerpt":{"rendered":"<p>Ap\u00f3s a vit\u00f3ria que praticamente garantiu a perman\u00eancia do Tupynamb\u00e1s na elite do Campeonato Mineiro e encaminhou a classifica\u00e7\u00e3o \u00e0s quartas de final, a despedida. O diretor executivo Alberto Sim\u00e3o reuniu a imprensa no in\u00edcio da tarde deste domingo e, ao lado do vice de futebol Cl\u00e1udio Dias, comunicou oficialmente a sa\u00edda do projeto do [&hellip;]<\/p>\n","protected":false},"author":96,"featured_media":134955,"comment_status":"closed","ping_status":"closed","sticky":false,"template":"","format":"standard","meta":{"footnotes":""},"categories":[257,439],"tags":[],"class_list":["post-134954","post","type-post","status-publish","format-standard","has-post-thumbnail","hentry","category-esporte","category-ultima-hora"],"_links":{"self":[{"href":"https:\/\/diarioregionaldigital.com.br\/index.php?rest_route=\/wp\/v2\/posts\/134954","targetHints":{"allow":["GET"]}}],"collection":[{"href":"https:\/\/diarioregionaldigital.com.br\/index.php?rest_route=\/wp\/v2\/posts"}],"about":[{"href":"https:\/\/diarioregionaldigital.com.br\/index.php?rest_route=\/wp\/v2\/types\/post"}],"author":[{"embeddable":true,"href":"https:\/\/diarioregionaldigital.com.br\/index.php?rest_route=\/wp\/v2\/users\/96"}],"replies":[{"embeddable":true,"href":"https:\/\/diarioregionaldigital.com.br\/index.php?rest_route=%2Fwp%2Fv2%2Fcomments&post=134954"}],"version-history":[{"count":0,"href":"https:\/\/diarioregionaldigital.com.br\/index.php?rest_route=\/wp\/v2\/posts\/134954\/revisions"}],"wp:featuredmedia":[{"embeddable":true,"href":"https:\/\/diarioregionaldigital.com.br\/index.php?rest_route=\/wp\/v2\/media\/134955"}],"wp:attachment":[{"href":"https:\/\/diarioregionaldigital.com.br\/index.php?rest_route=%2Fwp%2Fv2%2Fmedia&parent=134954"}],"wp:term":[{"taxonomy":"category","embeddable":true,"href":"https:\/\/diarioregionaldigital.com.br\/index.php?rest_route=%2Fwp%2Fv2%2Fcategories&post=134954"},{"taxonomy":"post_tag","embeddable":true,"href":"https:\/\/diarioregionaldigital.com.br\/index.php?rest_route=%2Fwp%2Fv2%2Ftags&post=134954"}],"curies":[{"name":"wp","href":"https:\/\/api.w.org\/{rel}","templated":true}]}}