{"id":134941,"date":"2019-02-28T06:00:22","date_gmt":"2019-02-28T09:00:22","guid":{"rendered":"https:\/\/diarioregionaldigital.com.br\/?p=134941"},"modified":"2019-02-27T21:25:08","modified_gmt":"2019-02-28T00:25:08","slug":"edital-comarca-aviso-de-leilao-28-02-19","status":"publish","type":"post","link":"https:\/\/diarioregionaldigital.com.br\/?p=134941","title":{"rendered":"Edital Comarca &#8211; Aviso de Leil\u00e3o &#8211; 28\/02\/19"},"content":{"rendered":"<p style=\"text-align: center;\"><strong>AVISO DE LEIL\u00d5ES<\/strong><\/p>\n<p style=\"text-align: center;\"><strong>Angela Bechara \u2013Leiloeira Oficial mat.077\u2014<\/strong><\/p>\n<p style=\"text-align: center;\"><strong>Informa\u00e7\u00f5es\u00a0 -site-www. angelabecharaleiloes.com.br-\u00a0\u00a0\u00a0\u00a0\u00a0\u00a0\u00a0\u00a0\u00a0\u00a0\u00a0\u00a0\u00a0\u00a0\u00a0\u00a0\u00a0\u00a0\u00a0 Email- <\/strong><a href=\"mailto:angela@powermail.com.br-tels-3232118667\"><strong>angela@powermail.com.br-tels-3232118667<\/strong><\/a><strong> \/999888149<\/strong><\/p>\n<p style=\"text-align: center;\">5\u00aa.Vara C\u00edvel-\u00a0 proc.5001933-77.2016.8.13.0145-\u00a0 Primeiro leil\u00e3o dia 14 e\u00a0 segundo leil\u00e3o-28 de mar\u00e7o- 15,00hs &#8211; GM\/Caravan Comodoro ano 1980 \u2013 valor &#8211; R$6.207,00 &#8211; 50%-segundo Leil\u00e3o.<\/p>\n<p style=\"text-align: center;\">3\u00aa vara C\u00edvel-proc.no.0409308-91.2012.8.13.0145- dias 02 e 23 de abril as 15,00hs &#8211; apto 201 do Bloco L do Condom\u00ednio Residencial ANA ROSA &#8211; Valor- R$160.000,00- 50% no Segundo Leil\u00e3o.<\/p>\n<p style=\"text-align: center;\">5\u00aa.Vara C\u00edvel- Proc.no.014511020342-2 &#8211; dias-dias 21 de mar\u00e7o e 15 de abril &#8211; as 15.00hs &#8211; apto do Condom\u00ednio Solar Conselheiro Lafaiete \u2013 Rua <u>Oleg\u00e1rio<\/u> Maciel no.2419 &#8211; apto 204,com garagem.valor-R$150.000,00- 50% no Segundo leil\u00e3o-<\/p>\n<p style=\"text-align: center;\"><strong>Juiz de Fora, 27 de fevereiro de 2018<\/strong><\/p>\n","protected":false},"excerpt":{"rendered":"<p>AVISO DE LEIL\u00d5ES Angela Bechara \u2013Leiloeira Oficial mat.077\u2014 Informa\u00e7\u00f5es\u00a0 -site-www. angelabecharaleiloes.com.br-\u00a0\u00a0\u00a0\u00a0\u00a0\u00a0\u00a0\u00a0\u00a0\u00a0\u00a0\u00a0\u00a0\u00a0\u00a0\u00a0\u00a0\u00a0\u00a0 Email- angela@powermail.com.br-tels-3232118667 \/999888149 5\u00aa.Vara C\u00edvel-\u00a0 proc.5001933-77.2016.8.13.0145-\u00a0 Primeiro leil\u00e3o dia 14 e\u00a0 segundo leil\u00e3o-28 de mar\u00e7o- 15,00hs &#8211; GM\/Caravan Comodoro ano 1980 \u2013 valor &#8211; R$6.207,00 &#8211; 50%-segundo Leil\u00e3o. 3\u00aa vara C\u00edvel-proc.no.0409308-91.2012.8.13.0145- dias 02 e 23 de abril as 15,00hs &#8211; apto 201 do Bloco [&hellip;]<\/p>\n","protected":false},"author":96,"featured_media":0,"comment_status":"closed","ping_status":"closed","sticky":false,"template":"","format":"standard","meta":{"footnotes":""},"categories":[307],"tags":[],"class_list":["post-134941","post","type-post","status-publish","format-standard","hentry","category-editais"],"_links":{"self":[{"href":"https:\/\/diarioregionaldigital.com.br\/index.php?rest_route=\/wp\/v2\/posts\/134941","targetHints":{"allow":["GET"]}}],"collection":[{"href":"https:\/\/diarioregionaldigital.com.br\/index.php?rest_route=\/wp\/v2\/posts"}],"about":[{"href":"https:\/\/diarioregionaldigital.com.br\/index.php?rest_route=\/wp\/v2\/types\/post"}],"author":[{"embeddable":true,"href":"https:\/\/diarioregionaldigital.com.br\/index.php?rest_route=\/wp\/v2\/users\/96"}],"replies":[{"embeddable":true,"href":"https:\/\/diarioregionaldigital.com.br\/index.php?rest_route=%2Fwp%2Fv2%2Fcomments&post=134941"}],"version-history":[{"count":0,"href":"https:\/\/diarioregionaldigital.com.br\/index.php?rest_route=\/wp\/v2\/posts\/134941\/revisions"}],"wp:attachment":[{"href":"https:\/\/diarioregionaldigital.com.br\/index.php?rest_route=%2Fwp%2Fv2%2Fmedia&parent=134941"}],"wp:term":[{"taxonomy":"category","embeddable":true,"href":"https:\/\/diarioregionaldigital.com.br\/index.php?rest_route=%2Fwp%2Fv2%2Fcategories&post=134941"},{"taxonomy":"post_tag","embeddable":true,"href":"https:\/\/diarioregionaldigital.com.br\/index.php?rest_route=%2Fwp%2Fv2%2Ftags&post=134941"}],"curies":[{"name":"wp","href":"https:\/\/api.w.org\/{rel}","templated":true}]}}