{"id":134930,"date":"2019-02-27T21:06:45","date_gmt":"2019-02-28T00:06:45","guid":{"rendered":"https:\/\/diarioregionaldigital.com.br\/?p=134930"},"modified":"2019-02-27T21:06:45","modified_gmt":"2019-02-28T00:06:45","slug":"projeto-parabem-leva-bons-momentos-para-criancas-de-projeto-social","status":"publish","type":"post","link":"https:\/\/diarioregionaldigital.com.br\/?p=134930","title":{"rendered":"Projeto Parab\u00e9m leva bons momentos para crian\u00e7as de projeto social"},"content":{"rendered":"<p>Levar a coletividade para as crian\u00e7as, proporcionando boas lembran\u00e7as, com momentos felizes, comemorando datas importantes como a do anivers\u00e1rio com amiguinhos, essa \u00e9 uma das principais ideias do Projeto Social Parab\u00e9m. Durante a tarde desta quarta-feira, 27, aconteceu a primeira edi\u00e7\u00e3o do Projeto Parab\u00e9m, que deu a oportunidade para 117 crian\u00e7as de comemorarem juntas o anivers\u00e1rio dos 21 coleguinhas, cantando parab\u00e9ns,comendo bolo, tomando suco e realizando outras atividades em especial, como pinturas nas m\u00e3os. Os aniversariantes ainda receberam lembran\u00e7as.<\/p>\n<p>O projeto que foi idealizado, h\u00e1 mais ou menos um ano e meio, pela estudante e organizadora do projeto, J\u00falia Anita Pereira, conseguiu fazer o projeto virar realidade com o apoio de outras pessoas que acreditaram na ideia. &#8220;Era um desejo que eu tinha, h\u00e1 mais ou menos um ano e meio, e no decorrer deste tempo eu encontrei alguns alunos que compraram essa minha ideia&#8221;,conta a estudante.<\/p>\n<p>Ela tamb\u00e9m explica, que o objetivo do primeiro evento era de realizar uma festinha para as crian\u00e7as, para conhecimento m\u00fatuo e depois expandir com outras a\u00e7\u00f5es voltadas para os respons\u00e1veis das crian\u00e7as. &#8220;Essa \u00e9 a primeira edi\u00e7\u00e3o do projeto e que estamos conhecendo primeiro as crian\u00e7as, mas nossa inten\u00e7\u00e3o \u00e9 repetir essas festas uma vez por m\u00eas, al\u00e9m de fazermos mensalmente palestras voltadas para os respons\u00e1veis pelas crian\u00e7as, com temas relevantes quepossam conscientizar essas fam\u00edlias&#8221;.<\/p>\n\n\t\t<style type=\"text\/css\">\n\t\t\t#gallery-1 {\n\t\t\t\tmargin: auto;\n\t\t\t}\n\t\t\t#gallery-1 .gallery-item {\n\t\t\t\tfloat: left;\n\t\t\t\tmargin-top: 10px;\n\t\t\t\ttext-align: center;\n\t\t\t\twidth: 50%;\n\t\t\t}\n\t\t\t#gallery-1 img {\n\t\t\t\tborder: 2px solid #cfcfcf;\n\t\t\t}\n\t\t\t#gallery-1 .gallery-caption {\n\t\t\t\tmargin-left: 0;\n\t\t\t}\n\t\t\t\/* see gallery_shortcode() in wp-includes\/media.php *\/\n\t\t<\/style>\n\t\t<div id='gallery-1' class='gallery galleryid-134930 gallery-columns-2 gallery-size-large'><dl class='gallery-item'>\n\t\t\t<dt class='gallery-icon landscape'>\n\t\t\t\t<img loading=\"lazy\" decoding=\"async\" width=\"1024\" height=\"683\" src=\"https:\/\/diarioregionaldigital.com.br\/wp-content\/uploads\/2019\/02\/RAFAELA-FRUTUOSO-usar-essa-3-1-1024x683.jpg\" class=\"attachment-large size-large\" alt=\"\" srcset=\"https:\/\/diarioregionaldigital.com.br\/wp-content\/uploads\/2019\/02\/RAFAELA-FRUTUOSO-usar-essa-3-1-1024x683.jpg 1024w, https:\/\/diarioregionaldigital.com.br\/wp-content\/uploads\/2019\/02\/RAFAELA-FRUTUOSO-usar-essa-3-1-300x200.jpg 300w, https:\/\/diarioregionaldigital.com.br\/wp-content\/uploads\/2019\/02\/RAFAELA-FRUTUOSO-usar-essa-3-1-768x512.jpg 768w, https:\/\/diarioregionaldigital.com.br\/wp-content\/uploads\/2019\/02\/RAFAELA-FRUTUOSO-usar-essa-3-1-360x240.jpg 360w\" sizes=\"auto, (max-width: 1024px) 100vw, 1024px\" \/>\n\t\t\t<\/dt><\/dl><dl class='gallery-item'>\n\t\t\t<dt class='gallery-icon landscape'>\n\t\t\t\t<img loading=\"lazy\" decoding=\"async\" width=\"1024\" height=\"683\" src=\"https:\/\/diarioregionaldigital.com.br\/wp-content\/uploads\/2019\/02\/RAFAELA-FRUTUOSO-usar-essa-5-1-1024x683.jpg\" class=\"attachment-large size-large\" alt=\"\" aria-describedby=\"gallery-1-134939\" srcset=\"https:\/\/diarioregionaldigital.com.br\/wp-content\/uploads\/2019\/02\/RAFAELA-FRUTUOSO-usar-essa-5-1-1024x683.jpg 1024w, https:\/\/diarioregionaldigital.com.br\/wp-content\/uploads\/2019\/02\/RAFAELA-FRUTUOSO-usar-essa-5-1-300x200.jpg 300w, https:\/\/diarioregionaldigital.com.br\/wp-content\/uploads\/2019\/02\/RAFAELA-FRUTUOSO-usar-essa-5-1-768x512.jpg 768w, https:\/\/diarioregionaldigital.com.br\/wp-content\/uploads\/2019\/02\/RAFAELA-FRUTUOSO-usar-essa-5-1-360x240.jpg 360w\" sizes=\"auto, (max-width: 1024px) 100vw, 1024px\" \/>\n\t\t\t<\/dt>\n\t\t\t\t<dd class='wp-caption-text gallery-caption' id='gallery-1-134939'>\n\t\t\t\tFotos: Rafaela Frutuoso\n\t\t\t\t<\/dd><\/dl><br style=\"clear: both\" \/><dl class='gallery-item'>\n\t\t\t<dt class='gallery-icon landscape'>\n\t\t\t\t<img loading=\"lazy\" decoding=\"async\" width=\"1024\" height=\"683\" src=\"https:\/\/diarioregionaldigital.com.br\/wp-content\/uploads\/2019\/02\/RAFAELA-FRUTUOSO-usar-essa-2-6-1024x683.jpg\" class=\"attachment-large size-large\" alt=\"\" srcset=\"https:\/\/diarioregionaldigital.com.br\/wp-content\/uploads\/2019\/02\/RAFAELA-FRUTUOSO-usar-essa-2-6-1024x683.jpg 1024w, https:\/\/diarioregionaldigital.com.br\/wp-content\/uploads\/2019\/02\/RAFAELA-FRUTUOSO-usar-essa-2-6-300x200.jpg 300w, https:\/\/diarioregionaldigital.com.br\/wp-content\/uploads\/2019\/02\/RAFAELA-FRUTUOSO-usar-essa-2-6-768x512.jpg 768w, https:\/\/diarioregionaldigital.com.br\/wp-content\/uploads\/2019\/02\/RAFAELA-FRUTUOSO-usar-essa-2-6-360x240.jpg 360w\" sizes=\"auto, (max-width: 1024px) 100vw, 1024px\" \/>\n\t\t\t<\/dt><\/dl><dl class='gallery-item'>\n\t\t\t<dt class='gallery-icon landscape'>\n\t\t\t\t<img loading=\"lazy\" decoding=\"async\" width=\"1024\" height=\"683\" src=\"https:\/\/diarioregionaldigital.com.br\/wp-content\/uploads\/2019\/02\/RAFAELA-FRUTUOSO-usar-essa-4-1-1024x683.jpg\" class=\"attachment-large size-large\" alt=\"\" srcset=\"https:\/\/diarioregionaldigital.com.br\/wp-content\/uploads\/2019\/02\/RAFAELA-FRUTUOSO-usar-essa-4-1-1024x683.jpg 1024w, https:\/\/diarioregionaldigital.com.br\/wp-content\/uploads\/2019\/02\/RAFAELA-FRUTUOSO-usar-essa-4-1-300x200.jpg 300w, https:\/\/diarioregionaldigital.com.br\/wp-content\/uploads\/2019\/02\/RAFAELA-FRUTUOSO-usar-essa-4-1-768x512.jpg 768w, https:\/\/diarioregionaldigital.com.br\/wp-content\/uploads\/2019\/02\/RAFAELA-FRUTUOSO-usar-essa-4-1-360x240.jpg 360w\" sizes=\"auto, (max-width: 1024px) 100vw, 1024px\" \/>\n\t\t\t<\/dt><\/dl><br style=\"clear: both\" \/>\n\t\t<\/div>\n\n<p>O Centro Educativo Maria Helena \u00e9 uma institui\u00e7\u00e3o particular, filantr\u00f3pica, que tem o intuito de atender crian\u00e7as carentes, onde seus respons\u00e1veis t\u00eam a necessidade de trabalhar, mas n\u00e3o t\u00eam condi\u00e7\u00e3o e nem lugar para deixar suas crian\u00e7as. Todas as crian\u00e7as s\u00e3o bolsistas e n\u00e3o t\u00eam nenhum tipo de gasto com a institui\u00e7\u00e3o.<\/p>\n<p>A coordenadora pedag\u00f3gica do col\u00e9gio, Kandyce Stopa, explica a import\u00e2ncia desta a\u00e7\u00e3o: &#8220;mais que comes e bebes, mais que presentes, acredito que com esse momento de socializa\u00e7\u00e3o eles passam a dar mais valor um aos outros, aprendem que viver e comemorar juntos \u00e9 muito importante\u00a0 e que vale mais do que qualquer presente ou outros bens materiais&#8221; e complementa, &#8220;atendemos crian\u00e7as e fam\u00edlias com vulnerabilidade social e que muitas dessas fam\u00edlias n\u00e3o t\u00eam condi\u00e7\u00f5es de proporcionar esses eventos festivos para as crian\u00e7as&#8221;.<\/p>\n<p>Para a realiza\u00e7\u00e3o desse evento, os estudantes arcaram parcialmente com as despesas e receberam ajuda de outras pessoas. Os interessados em contribuir podem entrar em contato pelo telefone (32) 9 9950-7911.<\/p>\n","protected":false},"excerpt":{"rendered":"<p>Levar a coletividade para as crian\u00e7as, proporcionando boas lembran\u00e7as, com momentos felizes, comemorando datas importantes como a do anivers\u00e1rio com amiguinhos, essa \u00e9 uma das principais ideias do Projeto Social Parab\u00e9m. Durante a tarde desta quarta-feira, 27, aconteceu a primeira edi\u00e7\u00e3o do Projeto Parab\u00e9m, que deu a oportunidade para 117 crian\u00e7as de comemorarem juntas o [&hellip;]<\/p>\n","protected":false},"author":96,"featured_media":134935,"comment_status":"closed","ping_status":"closed","sticky":false,"template":"","format":"standard","meta":{"footnotes":""},"categories":[253,436,440,439],"tags":[],"class_list":["post-134930","post","type-post","status-publish","format-standard","has-post-thumbnail","hentry","category-cidade","category-destaque-da-semana","category-destaques-do-dia","category-ultima-hora"],"_links":{"self":[{"href":"https:\/\/diarioregionaldigital.com.br\/index.php?rest_route=\/wp\/v2\/posts\/134930","targetHints":{"allow":["GET"]}}],"collection":[{"href":"https:\/\/diarioregionaldigital.com.br\/index.php?rest_route=\/wp\/v2\/posts"}],"about":[{"href":"https:\/\/diarioregionaldigital.com.br\/index.php?rest_route=\/wp\/v2\/types\/post"}],"author":[{"embeddable":true,"href":"https:\/\/diarioregionaldigital.com.br\/index.php?rest_route=\/wp\/v2\/users\/96"}],"replies":[{"embeddable":true,"href":"https:\/\/diarioregionaldigital.com.br\/index.php?rest_route=%2Fwp%2Fv2%2Fcomments&post=134930"}],"version-history":[{"count":0,"href":"https:\/\/diarioregionaldigital.com.br\/index.php?rest_route=\/wp\/v2\/posts\/134930\/revisions"}],"wp:featuredmedia":[{"embeddable":true,"href":"https:\/\/diarioregionaldigital.com.br\/index.php?rest_route=\/wp\/v2\/media\/134935"}],"wp:attachment":[{"href":"https:\/\/diarioregionaldigital.com.br\/index.php?rest_route=%2Fwp%2Fv2%2Fmedia&parent=134930"}],"wp:term":[{"taxonomy":"category","embeddable":true,"href":"https:\/\/diarioregionaldigital.com.br\/index.php?rest_route=%2Fwp%2Fv2%2Fcategories&post=134930"},{"taxonomy":"post_tag","embeddable":true,"href":"https:\/\/diarioregionaldigital.com.br\/index.php?rest_route=%2Fwp%2Fv2%2Ftags&post=134930"}],"curies":[{"name":"wp","href":"https:\/\/api.w.org\/{rel}","templated":true}]}}