{"id":134924,"date":"2019-02-28T06:00:07","date_gmt":"2019-02-28T09:00:07","guid":{"rendered":"https:\/\/diarioregionaldigital.com.br\/?p=134924"},"modified":"2019-02-27T19:52:57","modified_gmt":"2019-02-27T22:52:57","slug":"pulando-carnaval","status":"publish","type":"post","link":"https:\/\/diarioregionaldigital.com.br\/?p=134924","title":{"rendered":"Pulando Carnaval"},"content":{"rendered":"<p style=\"text-align: center;\"><strong>Uni\u00e3o faz a For\u00e7a<\/strong><\/p>\n<p style=\"text-align: center;\">Sempre antenado com as causas sociais, o deputado Noraldino J\u00fanior foi eleito presidente da Comiss\u00e3o de Meio Ambiente e Desenvolvimento Sustent\u00e1vel da Assembleia. Um de seus desafios envolve o rompimento da barragem de rejeitos de minerio da Vale e a trag\u00e9dia de Brumadinho.<\/p>\n<p style=\"text-align: center;\"><strong>Inaugura\u00e7\u00e3o<\/strong><\/p>\n<p style=\"text-align: center;\">Em uma bela manh\u00e3 de sol em Juiz de Fora, a diretoria executiva e o conselho de administra\u00e7\u00e3o da Unimed foram anfitri\u00f5es da inaugura\u00e7\u00e3o do Hospital Unimed, no Salvaterra. Previsto para abrir as portas em maio, o Hospital tem arquitetura arrojada e sustent\u00e1vel, com moderno sistema que transporta medicamentos, em segundos, para todos os 12 andares. Autoridades, m\u00e9dicos e o presidente da Unimed Brasil, Orestes Pullin, marcaram presen\u00e7a. Ponto para o presidente da Unimed\/ JF Hugo Borges.<\/p>\n<p style=\"text-align: center;\"><strong>Pulando Carnaval<\/strong><\/p>\n<p style=\"text-align: center;\">Em estilo confete e serpentina, na 5\u00aa feira, 28, tem o Bloco do Pagod\u00e3o no Parque Halfeld descendo o Cal\u00e7ad\u00e3o, \u00e0s 19h. J\u00e1 a partir das 22h, o UniverShow recebe o Baile da Banda Daki. Para elas arrasarem: os adere\u00e7os mais pedidos para curtir a folia s\u00e3o com coloridos e muita pluma e paet\u00ea. Para eles: bermuda e chap\u00e9u.<\/p>\n<p style=\"text-align: center;\"><strong>Economia<\/strong><\/p>\n<p style=\"text-align: center;\">Nem tudo \u00e9 carnaval na terra do samba do criolo doido. Analistas consideram a economia de R$1,16 trilh\u00e3o importante para o ajuste. Para Arm\u00ednio Fraga, o governo precisa convencer as pessoas a aceitarem sacrif\u00edcios.<\/p>\n<p style=\"text-align: center;\"><strong>Encaminhando<\/strong><\/p>\n<p style=\"text-align: center;\">\u201cTodo mundo escorrega na vida. Melhor se machucar s\u00f3 uma vez\u201d. Bom dia.<\/p>\n<div style=\"width: 690px\" class=\"wp-caption aligncenter\"><img loading=\"lazy\" decoding=\"async\" class=\"wp-image-134902\" src=\"https:\/\/diarioregionaldigital.com.br\/wp-content\/uploads\/2019\/02\/fotoa-13.jpg\" alt=\"\" width=\"680\" height=\"452\" srcset=\"https:\/\/diarioregionaldigital.com.br\/wp-content\/uploads\/2019\/02\/fotoa-13.jpg 1770w, https:\/\/diarioregionaldigital.com.br\/wp-content\/uploads\/2019\/02\/fotoa-13-300x199.jpg 300w, https:\/\/diarioregionaldigital.com.br\/wp-content\/uploads\/2019\/02\/fotoa-13-768x510.jpg 768w, https:\/\/diarioregionaldigital.com.br\/wp-content\/uploads\/2019\/02\/fotoa-13-1024x680.jpg 1024w, https:\/\/diarioregionaldigital.com.br\/wp-content\/uploads\/2019\/02\/fotoa-13-360x239.jpg 360w\" sizes=\"auto, (max-width: 680px) 100vw, 680px\" \/><p class=\"wp-caption-text\">Em contagem regressiva para o Baile da Banda Daki hoje no UniverShow, Eduardo Gomes e Z\u00e9 Kodak<\/p><\/div>\n<div id=\"attachment_134903\" style=\"width: 690px\" class=\"wp-caption aligncenter\"><img loading=\"lazy\" decoding=\"async\" aria-describedby=\"caption-attachment-134903\" class=\"wp-image-134903\" src=\"https:\/\/diarioregionaldigital.com.br\/wp-content\/uploads\/2019\/02\/fotoaa-11-e1551306226752.jpg\" alt=\"\" width=\"680\" height=\"492\" srcset=\"https:\/\/diarioregionaldigital.com.br\/wp-content\/uploads\/2019\/02\/fotoaa-11-e1551306226752.jpg 765w, https:\/\/diarioregionaldigital.com.br\/wp-content\/uploads\/2019\/02\/fotoaa-11-e1551306226752-300x217.jpg 300w, https:\/\/diarioregionaldigital.com.br\/wp-content\/uploads\/2019\/02\/fotoaa-11-e1551306226752-360x261.jpg 360w\" sizes=\"auto, (max-width: 680px) 100vw, 680px\" \/><p id=\"caption-attachment-134903\" class=\"wp-caption-text\">No carnaval de Salvador o arquiteto Lucas Lorhan arrasando<\/p><\/div>\n<div id=\"attachment_134904\" style=\"width: 690px\" class=\"wp-caption aligncenter\"><img loading=\"lazy\" decoding=\"async\" aria-describedby=\"caption-attachment-134904\" class=\"wp-image-134904\" src=\"https:\/\/diarioregionaldigital.com.br\/wp-content\/uploads\/2019\/02\/fotob-12-e1551306250983.jpg\" alt=\"\" width=\"680\" height=\"512\" srcset=\"https:\/\/diarioregionaldigital.com.br\/wp-content\/uploads\/2019\/02\/fotob-12-e1551306250983.jpg 1330w, https:\/\/diarioregionaldigital.com.br\/wp-content\/uploads\/2019\/02\/fotob-12-e1551306250983-300x226.jpg 300w, https:\/\/diarioregionaldigital.com.br\/wp-content\/uploads\/2019\/02\/fotob-12-e1551306250983-768x578.jpg 768w, https:\/\/diarioregionaldigital.com.br\/wp-content\/uploads\/2019\/02\/fotob-12-e1551306250983-1024x771.jpg 1024w, https:\/\/diarioregionaldigital.com.br\/wp-content\/uploads\/2019\/02\/fotob-12-e1551306250983-360x271.jpg 360w\" sizes=\"auto, (max-width: 680px) 100vw, 680px\" \/><p id=\"caption-attachment-134904\" class=\"wp-caption-text\">Em tarde musical no Premier Parc Hotel, Daniell de Mattos e o cantor e modelo Wesley Ferry<\/p><\/div>\n<div id=\"attachment_134905\" style=\"width: 690px\" class=\"wp-caption aligncenter\"><img loading=\"lazy\" decoding=\"async\" aria-describedby=\"caption-attachment-134905\" class=\"wp-image-134905\" src=\"https:\/\/diarioregionaldigital.com.br\/wp-content\/uploads\/2019\/02\/fotobb-7-e1551306271570.jpg\" alt=\"\" width=\"680\" height=\"519\" srcset=\"https:\/\/diarioregionaldigital.com.br\/wp-content\/uploads\/2019\/02\/fotobb-7-e1551306271570.jpg 720w, https:\/\/diarioregionaldigital.com.br\/wp-content\/uploads\/2019\/02\/fotobb-7-e1551306271570-300x229.jpg 300w, https:\/\/diarioregionaldigital.com.br\/wp-content\/uploads\/2019\/02\/fotobb-7-e1551306271570-360x275.jpg 360w\" sizes=\"auto, (max-width: 680px) 100vw, 680px\" \/><p id=\"caption-attachment-134905\" class=\"wp-caption-text\">A bonita Baby Mancini, presen\u00e7a estrelada hoje no Baile da Banda Daki no UniverShow<\/p><\/div>\n<div id=\"attachment_134906\" style=\"width: 690px\" class=\"wp-caption aligncenter\"><img loading=\"lazy\" decoding=\"async\" aria-describedby=\"caption-attachment-134906\" class=\"wp-image-134906\" src=\"https:\/\/diarioregionaldigital.com.br\/wp-content\/uploads\/2019\/02\/fotoc-13-e1551306290162.jpg\" alt=\"\" width=\"680\" height=\"522\" srcset=\"https:\/\/diarioregionaldigital.com.br\/wp-content\/uploads\/2019\/02\/fotoc-13-e1551306290162.jpg 1522w, https:\/\/diarioregionaldigital.com.br\/wp-content\/uploads\/2019\/02\/fotoc-13-e1551306290162-300x230.jpg 300w, https:\/\/diarioregionaldigital.com.br\/wp-content\/uploads\/2019\/02\/fotoc-13-e1551306290162-768x589.jpg 768w, https:\/\/diarioregionaldigital.com.br\/wp-content\/uploads\/2019\/02\/fotoc-13-e1551306290162-1024x786.jpg 1024w, https:\/\/diarioregionaldigital.com.br\/wp-content\/uploads\/2019\/02\/fotoc-13-e1551306290162-360x276.jpg 360w\" sizes=\"auto, (max-width: 680px) 100vw, 680px\" \/><p id=\"caption-attachment-134906\" class=\"wp-caption-text\">No Bloco Nega Maria, no Trade Hotel, Glener Stroppa, Gustavo Andrade, Mirian Stroppa, Ju Andrade, Camila Andrade e Roberto (Bob) Trevizani<\/p><\/div>\n<p><img loading=\"lazy\" decoding=\"async\" class=\"aligncenter size-full wp-image-134925\" src=\"https:\/\/diarioregionaldigital.com.br\/wp-content\/uploads\/2019\/02\/Viva-Ver\u00e3o-2019_02_6x26.jpg\" alt=\"\" width=\"1000\" height=\"882\" srcset=\"https:\/\/diarioregionaldigital.com.br\/wp-content\/uploads\/2019\/02\/Viva-Ver\u00e3o-2019_02_6x26.jpg 1000w, https:\/\/diarioregionaldigital.com.br\/wp-content\/uploads\/2019\/02\/Viva-Ver\u00e3o-2019_02_6x26-300x265.jpg 300w, https:\/\/diarioregionaldigital.com.br\/wp-content\/uploads\/2019\/02\/Viva-Ver\u00e3o-2019_02_6x26-768x677.jpg 768w, https:\/\/diarioregionaldigital.com.br\/wp-content\/uploads\/2019\/02\/Viva-Ver\u00e3o-2019_02_6x26-360x318.jpg 360w, https:\/\/diarioregionaldigital.com.br\/wp-content\/uploads\/2019\/02\/Viva-Ver\u00e3o-2019_02_6x26-555x490.jpg 555w\" sizes=\"auto, (max-width: 1000px) 100vw, 1000px\" \/><\/p>\n","protected":false},"excerpt":{"rendered":"<p>Uni\u00e3o faz a For\u00e7a Sempre antenado com as causas sociais, o deputado Noraldino J\u00fanior foi eleito presidente da Comiss\u00e3o de Meio Ambiente e Desenvolvimento Sustent\u00e1vel da Assembleia. Um de seus desafios envolve o rompimento da barragem de rejeitos de minerio da Vale e a trag\u00e9dia de Brumadinho. Inaugura\u00e7\u00e3o Em uma bela manh\u00e3 de sol em [&hellip;]<\/p>\n","protected":false},"author":96,"featured_media":134902,"comment_status":"closed","ping_status":"closed","sticky":false,"template":"","format":"standard","meta":{"footnotes":""},"categories":[264],"tags":[],"class_list":["post-134924","post","type-post","status-publish","format-standard","has-post-thumbnail","hentry","category-eduardo-gomes"],"_links":{"self":[{"href":"https:\/\/diarioregionaldigital.com.br\/index.php?rest_route=\/wp\/v2\/posts\/134924","targetHints":{"allow":["GET"]}}],"collection":[{"href":"https:\/\/diarioregionaldigital.com.br\/index.php?rest_route=\/wp\/v2\/posts"}],"about":[{"href":"https:\/\/diarioregionaldigital.com.br\/index.php?rest_route=\/wp\/v2\/types\/post"}],"author":[{"embeddable":true,"href":"https:\/\/diarioregionaldigital.com.br\/index.php?rest_route=\/wp\/v2\/users\/96"}],"replies":[{"embeddable":true,"href":"https:\/\/diarioregionaldigital.com.br\/index.php?rest_route=%2Fwp%2Fv2%2Fcomments&post=134924"}],"version-history":[{"count":0,"href":"https:\/\/diarioregionaldigital.com.br\/index.php?rest_route=\/wp\/v2\/posts\/134924\/revisions"}],"wp:featuredmedia":[{"embeddable":true,"href":"https:\/\/diarioregionaldigital.com.br\/index.php?rest_route=\/wp\/v2\/media\/134902"}],"wp:attachment":[{"href":"https:\/\/diarioregionaldigital.com.br\/index.php?rest_route=%2Fwp%2Fv2%2Fmedia&parent=134924"}],"wp:term":[{"taxonomy":"category","embeddable":true,"href":"https:\/\/diarioregionaldigital.com.br\/index.php?rest_route=%2Fwp%2Fv2%2Fcategories&post=134924"},{"taxonomy":"post_tag","embeddable":true,"href":"https:\/\/diarioregionaldigital.com.br\/index.php?rest_route=%2Fwp%2Fv2%2Ftags&post=134924"}],"curies":[{"name":"wp","href":"https:\/\/api.w.org\/{rel}","templated":true}]}}