{"id":134846,"date":"2019-02-26T08:30:23","date_gmt":"2019-02-26T11:30:23","guid":{"rendered":"https:\/\/diarioregionaldigital.com.br\/?p=134846"},"modified":"2019-02-26T19:35:14","modified_gmt":"2019-02-26T22:35:14","slug":"presidio-de-leopoldina-e-interditado-provisoriamente-por-determinacao-da-justica","status":"publish","type":"post","link":"https:\/\/diarioregionaldigital.com.br\/?p=134846","title":{"rendered":"Pres\u00eddio de Leopoldina \u00e9 interditado provisoriamente por determina\u00e7\u00e3o da Justi\u00e7a"},"content":{"rendered":"<p>O Tribunal de Justi\u00e7a de Minas Gerais (TJMG) determinou a interdi\u00e7\u00e3o provis\u00f3ria do pres\u00eddio de Leopoldina.\u00a0 Segundo as informa\u00e7\u00f5es, a decis\u00e3o se deve pela superlota\u00e7\u00e3o da unidade, projetada para comportar 52 e, atualmente, h\u00e1 144 presos no local.<\/p>\n<p>O Di\u00e1rio Regional entrou em contato com a Secretaria de Estado de Administra\u00e7\u00e3o Prisional (SEAP), que atrav\u00e9s de nota respondeu que cumprir\u00e1 a determina\u00e7\u00e3o.\u00a0 \u201cA Seap informa que cumprir\u00e1 a determina\u00e7\u00e3o da Justi\u00e7a, emitida no dia 23.02.2019, que interdita administrativamente a unidade prisional de Leopoldina para recebimento de presos sentenciados e provis\u00f3rios de outras comarcas\u201d, informou.<\/p>\n<p>&nbsp;<\/p>\n","protected":false},"excerpt":{"rendered":"<p>O Tribunal de Justi\u00e7a de Minas Gerais (TJMG) determinou a interdi\u00e7\u00e3o provis\u00f3ria do pres\u00eddio de Leopoldina.\u00a0 Segundo as informa\u00e7\u00f5es, a decis\u00e3o se deve pela superlota\u00e7\u00e3o da unidade, projetada para comportar 52 e, atualmente, h\u00e1 144 presos no local. O Di\u00e1rio Regional entrou em contato com a Secretaria de Estado de Administra\u00e7\u00e3o Prisional (SEAP), que atrav\u00e9s [&hellip;]<\/p>\n","protected":false},"author":96,"featured_media":95105,"comment_status":"closed","ping_status":"closed","sticky":false,"template":"","format":"standard","meta":{"footnotes":""},"categories":[436,440,252,439],"tags":[],"class_list":["post-134846","post","type-post","status-publish","format-standard","has-post-thumbnail","hentry","category-destaque-da-semana","category-destaques-do-dia","category-regiao","category-ultima-hora"],"_links":{"self":[{"href":"https:\/\/diarioregionaldigital.com.br\/index.php?rest_route=\/wp\/v2\/posts\/134846","targetHints":{"allow":["GET"]}}],"collection":[{"href":"https:\/\/diarioregionaldigital.com.br\/index.php?rest_route=\/wp\/v2\/posts"}],"about":[{"href":"https:\/\/diarioregionaldigital.com.br\/index.php?rest_route=\/wp\/v2\/types\/post"}],"author":[{"embeddable":true,"href":"https:\/\/diarioregionaldigital.com.br\/index.php?rest_route=\/wp\/v2\/users\/96"}],"replies":[{"embeddable":true,"href":"https:\/\/diarioregionaldigital.com.br\/index.php?rest_route=%2Fwp%2Fv2%2Fcomments&post=134846"}],"version-history":[{"count":0,"href":"https:\/\/diarioregionaldigital.com.br\/index.php?rest_route=\/wp\/v2\/posts\/134846\/revisions"}],"wp:featuredmedia":[{"embeddable":true,"href":"https:\/\/diarioregionaldigital.com.br\/index.php?rest_route=\/wp\/v2\/media\/95105"}],"wp:attachment":[{"href":"https:\/\/diarioregionaldigital.com.br\/index.php?rest_route=%2Fwp%2Fv2%2Fmedia&parent=134846"}],"wp:term":[{"taxonomy":"category","embeddable":true,"href":"https:\/\/diarioregionaldigital.com.br\/index.php?rest_route=%2Fwp%2Fv2%2Fcategories&post=134846"},{"taxonomy":"post_tag","embeddable":true,"href":"https:\/\/diarioregionaldigital.com.br\/index.php?rest_route=%2Fwp%2Fv2%2Ftags&post=134846"}],"curies":[{"name":"wp","href":"https:\/\/api.w.org\/{rel}","templated":true}]}}