{"id":134788,"date":"2019-02-26T14:30:36","date_gmt":"2019-02-26T17:30:36","guid":{"rendered":"https:\/\/diarioregionaldigital.com.br\/?p=134788"},"modified":"2019-02-26T14:30:36","modified_gmt":"2019-02-26T17:30:36","slug":"camara-do-deputados-cria-comissao-externa-sobre-violencia-contra-as-mulheres","status":"publish","type":"post","link":"https:\/\/diarioregionaldigital.com.br\/?p=134788","title":{"rendered":"C\u00e2mara do Deputados cria comiss\u00e3o externa sobre viol\u00eancia contra as mulheres"},"content":{"rendered":"<p>O plen\u00e1rio da C\u00e2mara dos Deputados aprovou requerimento nesta ter\u00e7a-feira, 25, para criar uma comiss\u00e3o externa com o objetivo de acompanhar os casos de viol\u00eancia\u00a0contra a mulher no pa\u00eds. Segundo a autora do requerimento, a deputada federal Fl\u00e1via Arruda (PR-DF), a comiss\u00e3o visitar\u00e1 os cinco estados que mais registram esse tipo de ocorr\u00eancia: S\u00e3o Paulo, Rio de Janeiro, Bahia e Mato Grosso do Sul, al\u00e9m do Distrito Federal.<\/p>\n<p>Fl\u00e1via Arruda destacou que n\u00e3o basta criar penas sem que as estruturas de apoio \u00e0s mulheres efetivamente funcionem para ajudar aquelas que precisam do Poder P\u00fablico. \u201cPretendemos que nossos trabalhos impe\u00e7am que casos absurdos caiam no esquecimento e encorajem as mulheres a dar um grito de basta\u201d, afirmou.<\/p>\n<p>De acordo com o\u00a0<em>Atlas da Viol\u00eancia de 2018<\/em>, feito pelo Instituto de Pesquisa Econ\u00f4mica Aplicada (Ipea) e pelo F\u00f3rum Brasileiro de Seguran\u00e7a P\u00fablica, 4.645\u00a0mulheres foram assassinadas no pa\u00eds, segundo dados de 2016.<\/p>\n<p>&#8220;\u00c9 necess\u00e1rio verificar como os estados est\u00e3o atuando, quais s\u00e3o as pol\u00edticas implementadas, quais os recursos destinados para este enfrentamento, se h\u00e1 ou n\u00e3o\u00a0or\u00e7amento garantido para a execu\u00e7\u00e3o destas pol\u00edticas de forma permanente&#8221;, justifica a deputada, em seu requerimento.<\/p>\n<p>A comiss\u00e3o externa deve verificar quais s\u00e3o as pol\u00edticas p\u00fablicas de acolhimento \u00e0s v\u00edtimas, se h\u00e1 \u00f3rg\u00e3o espec\u00edfico para implant\u00e1-las, al\u00e9m de\u00a0identificar as a\u00e7\u00f5es j\u00e1 implementadas pelo Minist\u00e9rio P\u00fablico, pelo Poder Judici\u00e1rio e pela Defensoria P\u00fablica dos cinco estados que concentram as piores\u00a0estat\u00edsticas.<\/p>\n<p>&nbsp;<\/p>\n<p>Fonte: Ag\u00eancia Brasil<\/p>\n<p>&nbsp;<\/p>\n","protected":false},"excerpt":{"rendered":"<p>O plen\u00e1rio da C\u00e2mara dos Deputados aprovou requerimento nesta ter\u00e7a-feira, 25, para criar uma comiss\u00e3o externa com o objetivo de acompanhar os casos de viol\u00eancia\u00a0contra a mulher no pa\u00eds. Segundo a autora do requerimento, a deputada federal Fl\u00e1via Arruda (PR-DF), a comiss\u00e3o visitar\u00e1 os cinco estados que mais registram esse tipo de ocorr\u00eancia: S\u00e3o Paulo, [&hellip;]<\/p>\n","protected":false},"author":96,"featured_media":134789,"comment_status":"closed","ping_status":"closed","sticky":false,"template":"","format":"standard","meta":{"footnotes":""},"categories":[436,262,254,439],"tags":[],"class_list":["post-134788","post","type-post","status-publish","format-standard","has-post-thumbnail","hentry","category-destaque-da-semana","category-noticias","category-politica","category-ultima-hora"],"_links":{"self":[{"href":"https:\/\/diarioregionaldigital.com.br\/index.php?rest_route=\/wp\/v2\/posts\/134788","targetHints":{"allow":["GET"]}}],"collection":[{"href":"https:\/\/diarioregionaldigital.com.br\/index.php?rest_route=\/wp\/v2\/posts"}],"about":[{"href":"https:\/\/diarioregionaldigital.com.br\/index.php?rest_route=\/wp\/v2\/types\/post"}],"author":[{"embeddable":true,"href":"https:\/\/diarioregionaldigital.com.br\/index.php?rest_route=\/wp\/v2\/users\/96"}],"replies":[{"embeddable":true,"href":"https:\/\/diarioregionaldigital.com.br\/index.php?rest_route=%2Fwp%2Fv2%2Fcomments&post=134788"}],"version-history":[{"count":0,"href":"https:\/\/diarioregionaldigital.com.br\/index.php?rest_route=\/wp\/v2\/posts\/134788\/revisions"}],"wp:featuredmedia":[{"embeddable":true,"href":"https:\/\/diarioregionaldigital.com.br\/index.php?rest_route=\/wp\/v2\/media\/134789"}],"wp:attachment":[{"href":"https:\/\/diarioregionaldigital.com.br\/index.php?rest_route=%2Fwp%2Fv2%2Fmedia&parent=134788"}],"wp:term":[{"taxonomy":"category","embeddable":true,"href":"https:\/\/diarioregionaldigital.com.br\/index.php?rest_route=%2Fwp%2Fv2%2Fcategories&post=134788"},{"taxonomy":"post_tag","embeddable":true,"href":"https:\/\/diarioregionaldigital.com.br\/index.php?rest_route=%2Fwp%2Fv2%2Ftags&post=134788"}],"curies":[{"name":"wp","href":"https:\/\/api.w.org\/{rel}","templated":true}]}}