{"id":134782,"date":"2019-02-26T14:18:13","date_gmt":"2019-02-26T17:18:13","guid":{"rendered":"https:\/\/diarioregionaldigital.com.br\/?p=134782"},"modified":"2019-02-26T14:18:13","modified_gmt":"2019-02-26T17:18:13","slug":"divida-publica-federal-cai-177-e-vai-para-r-380-trilhoes","status":"publish","type":"post","link":"https:\/\/diarioregionaldigital.com.br\/?p=134782","title":{"rendered":"D\u00edvida P\u00fablica Federal cai 1,77% e vai para R$ 3,80 trilh\u00f5es"},"content":{"rendered":"<p>A D\u00edvida P\u00fablica Federal (DPF) \u2013 que inclui o endividamento interno e externo do Brasil \u2013 apresentou redu\u00e7\u00e3o, em termos nominais, de 1,77% em janeiro, na compara\u00e7\u00e3o com dezembro de 2018, informou nesta ter\u00e7a-feira, 26, em Bras\u00edlia, a Secretaria do Tesouro Nacional (STN), do Minist\u00e9rio da Economia.<\/p>\n<p>Assim, o estoque passou de R$ 3,877 trilh\u00f5es para R$ 3,808 trilh\u00f5es. A redu\u00e7\u00e3o deve-se, segundo o Tesouro, ao resgate l\u00edquido de R$ 85,99 bilh\u00f5es, compensado, em parte, pela apropria\u00e7\u00e3o positiva de juros (quando os juros da d\u00edvida s\u00e3o incorporados ao total m\u00eas a m\u00eas), no valor de R$ 17,45 bilh\u00f5es.<\/p>\n<p>O resgate l\u00edquido de t\u00edtulos da DPF se deu pela diferen\u00e7a entre o total resgatado (embolsado pelos investidores) &#8211; R$ 147,78 bilh\u00f5es &#8211; em rela\u00e7\u00e3o ao volume de novos t\u00edtulos emitidos pelo Tesouro Nacional, que somou R$ 61,78 bilh\u00f5es.<\/p>\n<p>De acordo com o coordenador-geral de Opera\u00e7\u00f5es da D\u00edvida P\u00fablica, Lu\u00eds Felipe Vital, 97% dos recursos resgatados se referem a t\u00edtulos prefixados, cuja taxa de juros \u00e9 definida no momento da emiss\u00e3o e n\u00e3o varia ao longo do tempo.<\/p>\n<p>&#8220;Em janeiro, n\u00f3s tivemos um vencimento bastante expressivo, que \u00e9 o vencimento das Letras do Tesouro Nacional (LTN) de janeiro de 2019. S\u00f3 a LTN de janeiro de 2019 somou cerca de R$ 100 bilh\u00f5es. A gente teve tamb\u00e9m o pagamento de cupons de NTN-F no m\u00eas de janeiro. Somando-se isso, a gente chega a um total de resgate de [t\u00edtulos] prefixados de cerca de R$ 147 bilh\u00f5es&#8221;, explicou.<\/p>\n<p>A D\u00edvida P\u00fablica Mobili\u00e1ria Federal interna (DPMFi), que \u00e9 a parte da d\u00edvida p\u00fablica no mercado interno, teve o estoque reduzido em 1,53% em janeiro, passando de R$ 3,728 trilh\u00f5es para R$ 3,669 trilh\u00f5es. Essa varia\u00e7\u00e3o negativa ocorreu por causa do resgate que totalizou R$ 59,4 bilh\u00f5es.<\/p>\n<h2>Mercado externo<\/h2>\n<p>O estoque da D\u00edvida P\u00fablica Federal Externa (DPFe), captada do mercado internacional, apresentou ligeira redu\u00e7\u00e3o nominal de 0,24%, passando de R$ 148,2 bilh\u00f5es para R$ 138,8 bilh\u00f5es entre dezembro de 2018 e janeiro deste ano. Nesse caso, tamb\u00e9m houve resgate de R$ 9,39 bilh\u00f5es.<\/p>\n<p>A varia\u00e7\u00e3o do endividamento do Tesouro pode ocorrer por meio da oferta de t\u00edtulos p\u00fablicos em leil\u00f5es pela internet (Tesouro Direto) ou pela emiss\u00e3o direta.<\/p>\n<p>Al\u00e9m disso, pode ocorrer assinatura de contratos de empr\u00e9stimo para o Tesouro, tomado de uma institui\u00e7\u00e3o ou de um banco de fomento, destinado a financiar o desenvolvimento de uma determinada regi\u00e3o. A redu\u00e7\u00e3o do endividamento se d\u00e1, por exemplo, pelo resgate de t\u00edtulos, como observou-se ao longo do \u00faltimo m\u00eas.<\/p>\n<h2>Varia\u00e7\u00e3o da DPF<\/h2>\n<p>Esse ano, a D\u00edvida P\u00fablica Federal (DPF) dever\u00e1 ficar entre R$ 4,1 trilh\u00f5es e R$ 4,3 trilh\u00f5es, segundo o Plano Anual de Financiamento (PAF) da d\u00edvida p\u00fablica em 2019,\u00a0apresentado no m\u00eas passado.<\/p>\n<p>Os fundos de investimento seguem como principais detentores da D\u00edvida P\u00fablica Federal, com 27,1% de participa\u00e7\u00e3o no estoque. Os fundos de previd\u00eancia (25%) e as institui\u00e7\u00f5es financeiras (22%) aparecem em seguida, na lista de detentores da d\u00edvida.<\/p>\n<p>Os investidores n\u00e3o residentes apresentam aumento de participa\u00e7\u00e3o, atingindo 11,8% em janeiro. Os demais grupos somam 14,1% de participa\u00e7\u00e3o, segundo os dados apurados em janeiro.<\/p>\n<p>Em rela\u00e7\u00e3o \u00e0 composi\u00e7\u00e3o da DPF de acordo com os tipos de t\u00edtulos, os pap\u00e9is corrigidos por taxas flutuantes tiveram aumento de participa\u00e7\u00e3o e representam hoje 36,9% do total da d\u00edvida, seguidos pelos pap\u00e9is prefixados, que tiveram redu\u00e7\u00e3o na participa\u00e7\u00e3o (de 33,0%para 30,9%) devido principalmente ao seu resgate l\u00edquido em janeiro, acima de R$ 100 bilh\u00f5es.<\/p>\n<p>Os t\u00edtulos do grupo cambial, que sofrem varia\u00e7\u00e3o com base na taxa de c\u00e2mbio, tiveram sua participa\u00e7\u00e3o reduzida para 3,8% do montante total da DPF, principalmente em raz\u00e3o do resgate l\u00edquido apurado em janeiro e da desvaloriza\u00e7\u00e3o do d\u00f3lar ao longo do m\u00eas, que caiu 5,75%.<\/p>\n<p>&nbsp;<\/p>\n<p>Fonte: Ag\u00eancia Brasil<\/p>\n","protected":false},"excerpt":{"rendered":"<p>A D\u00edvida P\u00fablica Federal (DPF) \u2013 que inclui o endividamento interno e externo do Brasil \u2013 apresentou redu\u00e7\u00e3o, em termos nominais, de 1,77% em janeiro, na compara\u00e7\u00e3o com dezembro de 2018, informou nesta ter\u00e7a-feira, 26, em Bras\u00edlia, a Secretaria do Tesouro Nacional (STN), do Minist\u00e9rio da Economia. Assim, o estoque passou de R$ 3,877 trilh\u00f5es [&hellip;]<\/p>\n","protected":false},"author":96,"featured_media":131781,"comment_status":"closed","ping_status":"closed","sticky":false,"template":"","format":"standard","meta":{"footnotes":""},"categories":[436,261,262,439],"tags":[],"class_list":["post-134782","post","type-post","status-publish","format-standard","has-post-thumbnail","hentry","category-destaque-da-semana","category-economia","category-noticias","category-ultima-hora"],"_links":{"self":[{"href":"https:\/\/diarioregionaldigital.com.br\/index.php?rest_route=\/wp\/v2\/posts\/134782","targetHints":{"allow":["GET"]}}],"collection":[{"href":"https:\/\/diarioregionaldigital.com.br\/index.php?rest_route=\/wp\/v2\/posts"}],"about":[{"href":"https:\/\/diarioregionaldigital.com.br\/index.php?rest_route=\/wp\/v2\/types\/post"}],"author":[{"embeddable":true,"href":"https:\/\/diarioregionaldigital.com.br\/index.php?rest_route=\/wp\/v2\/users\/96"}],"replies":[{"embeddable":true,"href":"https:\/\/diarioregionaldigital.com.br\/index.php?rest_route=%2Fwp%2Fv2%2Fcomments&post=134782"}],"version-history":[{"count":0,"href":"https:\/\/diarioregionaldigital.com.br\/index.php?rest_route=\/wp\/v2\/posts\/134782\/revisions"}],"wp:featuredmedia":[{"embeddable":true,"href":"https:\/\/diarioregionaldigital.com.br\/index.php?rest_route=\/wp\/v2\/media\/131781"}],"wp:attachment":[{"href":"https:\/\/diarioregionaldigital.com.br\/index.php?rest_route=%2Fwp%2Fv2%2Fmedia&parent=134782"}],"wp:term":[{"taxonomy":"category","embeddable":true,"href":"https:\/\/diarioregionaldigital.com.br\/index.php?rest_route=%2Fwp%2Fv2%2Fcategories&post=134782"},{"taxonomy":"post_tag","embeddable":true,"href":"https:\/\/diarioregionaldigital.com.br\/index.php?rest_route=%2Fwp%2Fv2%2Ftags&post=134782"}],"curies":[{"name":"wp","href":"https:\/\/api.w.org\/{rel}","templated":true}]}}