{"id":134779,"date":"2019-02-26T13:52:49","date_gmt":"2019-02-26T16:52:49","guid":{"rendered":"https:\/\/diarioregionaldigital.com.br\/?p=134779"},"modified":"2019-02-26T13:52:49","modified_gmt":"2019-02-26T16:52:49","slug":"situacao-na-fronteira-esta-mais-calma-diz-comandante-do-exercito","status":"publish","type":"post","link":"https:\/\/diarioregionaldigital.com.br\/?p=134779","title":{"rendered":"Situa\u00e7\u00e3o na fronteira est\u00e1 mais calma, diz comandante do Ex\u00e9rcito"},"content":{"rendered":"<p>O comandante do Ex\u00e9rcito, general Edson Leal Pujol, disse nesta ter\u00e7a-feira, 26, que a situa\u00e7\u00e3o na fronteira da Venezuela com o Brasil est\u00e1 mais tranquila. \u201cFelizmente os \u00e2nimos se acalmaram l\u00e1, para todos n\u00f3s. \u00d3bvio que todos n\u00f3s queremos a paz, ningu\u00e9m quer confus\u00e3o\u201d, afirmou ao sair de um encontro com o presidente do Senado, Davi Alcolumbre (DEM-AP). O general reafirmou a posi\u00e7\u00e3o do Brasil e do Grupo de Lima pela n\u00e3o interven\u00e7\u00e3o militar no pa\u00eds vizinho.<\/p>\n<p>Apesar do clima mais tranquilo, Pujol n\u00e3o deu previs\u00e3o de quando a miss\u00e3o brasileira na fonteira ser\u00e1 encerrada. \u201cEstamos l\u00e1 com duas miss\u00f5es. A primeira \u00e9 a nossa opera\u00e7\u00e3o de acolhida [de refugiados], que vai continuar. Tamb\u00e9m [ h\u00e1 outra] para garantir a lei e a ordem, numa opera\u00e7\u00e3o pedida pelo governo do estado [de Roraima].&#8221;<\/p>\n<h2>Previd\u00eancia<\/h2>\n<p>O general n\u00e3o quis comentar como est\u00e3o as conversas sobre a proposta que o Executivo deve enviar ao Congresso para reforma da previd\u00eancia dos militares. \u201cEssa \u00e9 uma quest\u00e3o do presidente do Executivo, n\u00e3o me diz respeito\u201d, afirmou.<\/p>\n<p>&nbsp;<\/p>\n<p>Fonte: Ag\u00eancia Brasil<\/p>\n","protected":false},"excerpt":{"rendered":"<p>O comandante do Ex\u00e9rcito, general Edson Leal Pujol, disse nesta ter\u00e7a-feira, 26, que a situa\u00e7\u00e3o na fronteira da Venezuela com o Brasil est\u00e1 mais tranquila. \u201cFelizmente os \u00e2nimos se acalmaram l\u00e1, para todos n\u00f3s. \u00d3bvio que todos n\u00f3s queremos a paz, ningu\u00e9m quer confus\u00e3o\u201d, afirmou ao sair de um encontro com o presidente do Senado, [&hellip;]<\/p>\n","protected":false},"author":96,"featured_media":134780,"comment_status":"closed","ping_status":"closed","sticky":false,"template":"","format":"standard","meta":{"footnotes":""},"categories":[302,436,262,439],"tags":[],"class_list":["post-134779","post","type-post","status-publish","format-standard","has-post-thumbnail","hentry","category-brasil-mundo","category-destaque-da-semana","category-noticias","category-ultima-hora"],"_links":{"self":[{"href":"https:\/\/diarioregionaldigital.com.br\/index.php?rest_route=\/wp\/v2\/posts\/134779","targetHints":{"allow":["GET"]}}],"collection":[{"href":"https:\/\/diarioregionaldigital.com.br\/index.php?rest_route=\/wp\/v2\/posts"}],"about":[{"href":"https:\/\/diarioregionaldigital.com.br\/index.php?rest_route=\/wp\/v2\/types\/post"}],"author":[{"embeddable":true,"href":"https:\/\/diarioregionaldigital.com.br\/index.php?rest_route=\/wp\/v2\/users\/96"}],"replies":[{"embeddable":true,"href":"https:\/\/diarioregionaldigital.com.br\/index.php?rest_route=%2Fwp%2Fv2%2Fcomments&post=134779"}],"version-history":[{"count":0,"href":"https:\/\/diarioregionaldigital.com.br\/index.php?rest_route=\/wp\/v2\/posts\/134779\/revisions"}],"wp:featuredmedia":[{"embeddable":true,"href":"https:\/\/diarioregionaldigital.com.br\/index.php?rest_route=\/wp\/v2\/media\/134780"}],"wp:attachment":[{"href":"https:\/\/diarioregionaldigital.com.br\/index.php?rest_route=%2Fwp%2Fv2%2Fmedia&parent=134779"}],"wp:term":[{"taxonomy":"category","embeddable":true,"href":"https:\/\/diarioregionaldigital.com.br\/index.php?rest_route=%2Fwp%2Fv2%2Fcategories&post=134779"},{"taxonomy":"post_tag","embeddable":true,"href":"https:\/\/diarioregionaldigital.com.br\/index.php?rest_route=%2Fwp%2Fv2%2Ftags&post=134779"}],"curies":[{"name":"wp","href":"https:\/\/api.w.org\/{rel}","templated":true}]}}