{"id":134776,"date":"2019-02-26T13:48:17","date_gmt":"2019-02-26T16:48:17","guid":{"rendered":"https:\/\/diarioregionaldigital.com.br\/?p=134776"},"modified":"2019-02-26T13:48:17","modified_gmt":"2019-02-26T16:48:17","slug":"acionistas-da-embraer-aprovam-parceria-com-a-boeing","status":"publish","type":"post","link":"https:\/\/diarioregionaldigital.com.br\/?p=134776","title":{"rendered":"Acionistas da Embraer aprovam parceria com a Boeing"},"content":{"rendered":"<p>A parceria entre a Embraer e a Boeing foi aprovada por 96,8% dos votos v\u00e1lidos dos acionistas da fabricante brasileira, na assembleia extraordin\u00e1ria realizada nesta ter\u00e7a-feira, 26. Os acionistas aprovaram a proposta que estabelecer\u00e1 uma\u00a0<em>joint venture<\/em>composta pelas opera\u00e7\u00f5es de aeronaves comerciais e servi\u00e7os relacionados da Embraer. A Boeing deter\u00e1 80% da nova empresa e a Embraer os 20% restantes.<\/p>\n<p>Segundo a Embraer, a transa\u00e7\u00e3o avalia 100% das opera\u00e7\u00f5es de aeronaves comerciais da empresa em US$ 5,26 bilh\u00f5es e contempla um valor de US$ 4,2 bilh\u00f5es pela participa\u00e7\u00e3o de 80% da Boeing na\u00a0<em>joint venture<\/em>. Os acionistas da Embraer tamb\u00e9m aprovaram a cria\u00e7\u00e3o de uma\u00a0<em>joint venture<\/em>\u00a0para promover e desenvolver novos mercados para o avi\u00e3o multimiss\u00e3o KC-390. Sob os termos da parceria proposta, a Embraer deter\u00e1 51% das a\u00e7\u00f5es da\u00a0<em>joint venture<\/em>\u00a0e a Boeing, os 49% restantes.<\/p>\n<p>\u201cEssa importante parceria posicionar\u00e1 as duas empresas para oferecer uma proposta de valor mais robusta a nossos clientes e investidores, al\u00e9m criar mais oportunidades para nossos empregados. Nosso acordo criar\u00e1 benef\u00edcios m\u00fatuos e aumentar\u00e1 a competitividade tanto da Embraer quanto da Boeing\u201d, disse o presidente e CEO da Embraer, Paulo Cesar de Souza e Silva.<\/p>\n<p>A Embraer informou, por meio de nota, que os neg\u00f3cios de defesa e jatos executivos e as opera\u00e7\u00f5es de servi\u00e7os da empresa associados a esses produtos permanecer\u00e3o como uma empresa independente e de capital aberto. \u201cUma s\u00e9rie de acordos com foco na cadeia de suprimentos, engenharia e instala\u00e7\u00f5es garantir\u00e1 benef\u00edcios m\u00fatuos e maior competitividade entre a Boeing, a\u00a0<em>joint venture<\/em>\u00a0e a Embraer\u201d, diz a nota.<\/p>\n<p>A Boeing e a Embraer anunciaram em dezembro de 2018\u00a0que haviam aprovado os termos das duas joint ventures e o governo brasileiro aprovou a transa\u00e7\u00e3o em janeiro de 2019. Em seguida, o conselho de administra\u00e7\u00e3o da Embraer ratificou seu apoio ao acordo e os documentos definitivos foram assinados. A conclus\u00e3o do neg\u00f3cio est\u00e1 sujeita a aprova\u00e7\u00f5es das autoridades reguladoras e a outras condi\u00e7\u00f5es pertinentes \u00e0 conclus\u00e3o de uma transa\u00e7\u00e3o desse tipo, marcos que a Boeing e a Embraer esperam alcan\u00e7ar at\u00e9 o final de 2019.<\/p>\n<p>A Embraer continuar\u00e1 operando as \u00e1reas de avia\u00e7\u00e3o comercial e do programa KC-390 de forma independente at\u00e9 a conclus\u00e3o da transa\u00e7\u00e3o.<\/p>\n<p>&nbsp;<\/p>\n<p>Fonte: Ag\u00eancia Brasil<\/p>\n","protected":false},"excerpt":{"rendered":"<p>A parceria entre a Embraer e a Boeing foi aprovada por 96,8% dos votos v\u00e1lidos dos acionistas da fabricante brasileira, na assembleia extraordin\u00e1ria realizada nesta ter\u00e7a-feira, 26. Os acionistas aprovaram a proposta que estabelecer\u00e1 uma\u00a0joint venturecomposta pelas opera\u00e7\u00f5es de aeronaves comerciais e servi\u00e7os relacionados da Embraer. A Boeing deter\u00e1 80% da nova empresa e a [&hellip;]<\/p>\n","protected":false},"author":96,"featured_media":134777,"comment_status":"closed","ping_status":"closed","sticky":false,"template":"","format":"standard","meta":{"footnotes":""},"categories":[436,261,262,439],"tags":[],"class_list":["post-134776","post","type-post","status-publish","format-standard","has-post-thumbnail","hentry","category-destaque-da-semana","category-economia","category-noticias","category-ultima-hora"],"_links":{"self":[{"href":"https:\/\/diarioregionaldigital.com.br\/index.php?rest_route=\/wp\/v2\/posts\/134776","targetHints":{"allow":["GET"]}}],"collection":[{"href":"https:\/\/diarioregionaldigital.com.br\/index.php?rest_route=\/wp\/v2\/posts"}],"about":[{"href":"https:\/\/diarioregionaldigital.com.br\/index.php?rest_route=\/wp\/v2\/types\/post"}],"author":[{"embeddable":true,"href":"https:\/\/diarioregionaldigital.com.br\/index.php?rest_route=\/wp\/v2\/users\/96"}],"replies":[{"embeddable":true,"href":"https:\/\/diarioregionaldigital.com.br\/index.php?rest_route=%2Fwp%2Fv2%2Fcomments&post=134776"}],"version-history":[{"count":0,"href":"https:\/\/diarioregionaldigital.com.br\/index.php?rest_route=\/wp\/v2\/posts\/134776\/revisions"}],"wp:featuredmedia":[{"embeddable":true,"href":"https:\/\/diarioregionaldigital.com.br\/index.php?rest_route=\/wp\/v2\/media\/134777"}],"wp:attachment":[{"href":"https:\/\/diarioregionaldigital.com.br\/index.php?rest_route=%2Fwp%2Fv2%2Fmedia&parent=134776"}],"wp:term":[{"taxonomy":"category","embeddable":true,"href":"https:\/\/diarioregionaldigital.com.br\/index.php?rest_route=%2Fwp%2Fv2%2Fcategories&post=134776"},{"taxonomy":"post_tag","embeddable":true,"href":"https:\/\/diarioregionaldigital.com.br\/index.php?rest_route=%2Fwp%2Fv2%2Ftags&post=134776"}],"curies":[{"name":"wp","href":"https:\/\/api.w.org\/{rel}","templated":true}]}}