{"id":134772,"date":"2019-02-26T13:43:33","date_gmt":"2019-02-26T16:43:33","guid":{"rendered":"https:\/\/diarioregionaldigital.com.br\/?p=134772"},"modified":"2019-02-26T13:43:33","modified_gmt":"2019-02-26T16:43:33","slug":"ministerio-da-educacao-envia-nova-carta-de-velez-a-rede-de-ensino","status":"publish","type":"post","link":"https:\/\/diarioregionaldigital.com.br\/?p=134772","title":{"rendered":"Minist\u00e9rio da Educa\u00e7\u00e3o envia nova carta de V\u00e9lez \u00e0 rede de ensino"},"content":{"rendered":"<p>O Minist\u00e9rio da Educa\u00e7\u00e3o (MEC) informou na manh\u00e3 desta ter\u00e7a-feira, 26, que ser\u00e1 enviada uma\u00a0mensagem \u00e0s escolas com uma nova carta do ministro Ricardo V\u00e9lez, sem o\u00a0<em>slogan<\/em>\u00a0da campanha presidencial. Segundo a nota do MEC, a grava\u00e7\u00e3o da execu\u00e7\u00e3o do Hino Nacional deve ser precedida de autoriza\u00e7\u00e3o legal da pessoa filmada ou de seu respons\u00e1vel. Diz ainda que as imagens\u00a0ser\u00e3o selecionadas &#8220;para eventual uso institucional&#8221;.<\/p>\n<p>O ministro confirmou\u00a0que a mensagem foi alterada e que o\u00a0<em>slogan<\/em>\u00a0n\u00e3o consta mais na carta.\u00a0&#8220;Eu percebi o erro e tirei essa frase. Tirei a parte correspondente a filmar sem autoriza\u00e7\u00e3o dos pais&#8221;, disse o ministro, acrescentando que se algo for publicado ser\u00e1 com a autoriza\u00e7\u00e3o dos respons\u00e1veis.<\/p>\n<p>Nessa segunda-fera, 25, em nota, o MEC confirmou que enviou mensagem \u00e0s escolas brasileiras pedindo que fosse lida, voluntariamente, uma carta de V\u00e9lez. Al\u00e9m disso, o ministro pediu, caso desejassem, que estudantes, professores e funcion\u00e1rios cantassem o Hino Nacional. Tudo poderia ser gravado e enviado ao MEC e \u00e0 Secretaria Especial de Comunica\u00e7\u00e3o da Presid\u00eancia da Rep\u00fablica.<\/p>\n<p>A mensagem do ministro terminava com o\u00a0<em>slogan<\/em>\u00a0de campanha do presidente Jair Bolsonaro: &#8220;Brasil acima de tudo. Deus acima de todos!\u201d.<\/p>\n<p>V\u00e9lez participa nesta ter\u00e7a-feira de audi\u00eancia p\u00fablica no Senado Federal. A audi\u00eancia come\u00e7ou por volta das 11h30. V\u00e9lez chegou ao local com anteced\u00eancia e falou com jornalistas.<\/p>\n<p>Em nota, o Conselho Nacional de Secret\u00e1rios de Educa\u00e7\u00e3o (Consed), que re\u00fane os secret\u00e1rios estaduais, disse que a a\u00e7\u00e3o &#8220;fere n\u00e3o apenas a autonomia dos gestores escolares, mas dos entes da federa\u00e7\u00e3o. O ambiente escolar deve estar imune a qualquer tipo de inger\u00eancia pol\u00edtico-partid\u00e1ria&#8221;.<\/p>\n<p>&nbsp;<\/p>\n<p>Fonte: Ag\u00eancia Brasil<\/p>\n","protected":false},"excerpt":{"rendered":"<p>O Minist\u00e9rio da Educa\u00e7\u00e3o (MEC) informou na manh\u00e3 desta ter\u00e7a-feira, 26, que ser\u00e1 enviada uma\u00a0mensagem \u00e0s escolas com uma nova carta do ministro Ricardo V\u00e9lez, sem o\u00a0slogan\u00a0da campanha presidencial. Segundo a nota do MEC, a grava\u00e7\u00e3o da execu\u00e7\u00e3o do Hino Nacional deve ser precedida de autoriza\u00e7\u00e3o legal da pessoa filmada ou de seu respons\u00e1vel. Diz [&hellip;]<\/p>\n","protected":false},"author":96,"featured_media":134774,"comment_status":"closed","ping_status":"closed","sticky":false,"template":"","format":"standard","meta":{"footnotes":""},"categories":[302,436,262,439],"tags":[],"class_list":["post-134772","post","type-post","status-publish","format-standard","has-post-thumbnail","hentry","category-brasil-mundo","category-destaque-da-semana","category-noticias","category-ultima-hora"],"_links":{"self":[{"href":"https:\/\/diarioregionaldigital.com.br\/index.php?rest_route=\/wp\/v2\/posts\/134772","targetHints":{"allow":["GET"]}}],"collection":[{"href":"https:\/\/diarioregionaldigital.com.br\/index.php?rest_route=\/wp\/v2\/posts"}],"about":[{"href":"https:\/\/diarioregionaldigital.com.br\/index.php?rest_route=\/wp\/v2\/types\/post"}],"author":[{"embeddable":true,"href":"https:\/\/diarioregionaldigital.com.br\/index.php?rest_route=\/wp\/v2\/users\/96"}],"replies":[{"embeddable":true,"href":"https:\/\/diarioregionaldigital.com.br\/index.php?rest_route=%2Fwp%2Fv2%2Fcomments&post=134772"}],"version-history":[{"count":0,"href":"https:\/\/diarioregionaldigital.com.br\/index.php?rest_route=\/wp\/v2\/posts\/134772\/revisions"}],"wp:featuredmedia":[{"embeddable":true,"href":"https:\/\/diarioregionaldigital.com.br\/index.php?rest_route=\/wp\/v2\/media\/134774"}],"wp:attachment":[{"href":"https:\/\/diarioregionaldigital.com.br\/index.php?rest_route=%2Fwp%2Fv2%2Fmedia&parent=134772"}],"wp:term":[{"taxonomy":"category","embeddable":true,"href":"https:\/\/diarioregionaldigital.com.br\/index.php?rest_route=%2Fwp%2Fv2%2Fcategories&post=134772"},{"taxonomy":"post_tag","embeddable":true,"href":"https:\/\/diarioregionaldigital.com.br\/index.php?rest_route=%2Fwp%2Fv2%2Ftags&post=134772"}],"curies":[{"name":"wp","href":"https:\/\/api.w.org\/{rel}","templated":true}]}}