{"id":134768,"date":"2019-02-26T10:54:21","date_gmt":"2019-02-26T13:54:21","guid":{"rendered":"https:\/\/diarioregionaldigital.com.br\/?p=134768"},"modified":"2019-02-26T20:06:51","modified_gmt":"2019-02-26T23:06:51","slug":"juiz-de-fora-registra-173-casos-de-dengue-e-144-de-chikunguya-neste-ano","status":"publish","type":"post","link":"https:\/\/diarioregionaldigital.com.br\/?p=134768","title":{"rendered":"Juiz de Fora registra 173 casos de dengue e 144 de chikunguya neste ano"},"content":{"rendered":"<p>Na tarde dessa segunda-feira, 25, foi apresentado pela Prefeitura de Juiz de Fora (PJF), um balan\u00e7o sobre a situa\u00e7\u00e3o epidemiol\u00f3gica do munic\u00edpio, e a for\u00e7a tarefa que est\u00e1 sendo realizada.<\/p>\n<p>Neste ano, at\u00e9 a \u00faltima sexta-feira, 22, a Secret\u00e1ria de Sa\u00fade (SS), registrou 325 notifica\u00e7\u00f5es de aboviroses, sendo 173 casos de dengue e 144 de chikungunya. Desses n\u00fameros, foram confirmados 56 casos de dengue e 82 de chikungunya.<\/p>\n<p>O bairro Granjas Beth\u00e2nia, lidera o ranking de notifica\u00e7\u00f5es de chikunguya, com 78,5% dos registros (113 casos). O maior n\u00famero de notifica\u00e7\u00f5es de dengue, no munic\u00edpio, foi registrado no bairro Borboleta, com 22 notifica\u00e7\u00f5es, Benfica, com 14, e Santa Cruz, com 8.<\/p>\n<p>No \u00faltimo dia 14, a PJF, iniciou uma for\u00e7a tarefa, no bairro Granjas Beth\u00e2nia, para eliminar criadouros do mosquito e orientar a popula\u00e7\u00e3o. Nesta segunda-feira, 25, a prefeitura iniciou uma nova for\u00e7a tarefa, no bairro Borboleta, com o mesmo objetivo.<\/p>\n<div id=\"attachment_134796\" style=\"width: 1034px\" class=\"wp-caption aligncenter\"><img loading=\"lazy\" decoding=\"async\" aria-describedby=\"caption-attachment-134796\" class=\"wp-image-134796 size-large\" src=\"https:\/\/diarioregionaldigital.com.br\/wp-content\/uploads\/2019\/02\/RAFAELA-FRUTUOSO-usar-essa-3-1024x683.jpg\" alt=\"\" width=\"1024\" height=\"683\" srcset=\"https:\/\/diarioregionaldigital.com.br\/wp-content\/uploads\/2019\/02\/RAFAELA-FRUTUOSO-usar-essa-3-1024x683.jpg 1024w, https:\/\/diarioregionaldigital.com.br\/wp-content\/uploads\/2019\/02\/RAFAELA-FRUTUOSO-usar-essa-3-300x200.jpg 300w, https:\/\/diarioregionaldigital.com.br\/wp-content\/uploads\/2019\/02\/RAFAELA-FRUTUOSO-usar-essa-3-768x512.jpg 768w, https:\/\/diarioregionaldigital.com.br\/wp-content\/uploads\/2019\/02\/RAFAELA-FRUTUOSO-usar-essa-3-360x240.jpg 360w\" sizes=\"auto, (max-width: 1024px) 100vw, 1024px\" \/><p id=\"caption-attachment-134796\" class=\"wp-caption-text\">Bairro Granjas Beth\u00e2nia, lidera o ranking de notifica\u00e7\u00f5es de chikunguya. Foto: Rafaela Frutuoso.<\/p><\/div>\n<p><strong>For\u00e7a Tarefa<\/strong><\/p>\n<p>As defini\u00e7\u00f5es dos bairros, s\u00e3o realizadas conforme os resultados dos boletins epidemiol\u00f3gicos, que s\u00e3o gerados diariamente. Nessa a\u00e7\u00e3o, os agentes vistoriam im\u00f3veis, eliminam focos, e orientam a popula\u00e7\u00e3o durante a visita ou em palestras e blitz educativas. A a\u00e7\u00e3o conta com o apoio de 240 militares.<\/p>\n<p><strong>Descarte Irregular de Lixo<\/strong><\/p>\n<p>A PJF, chama a aten\u00e7\u00e3o para o descarte irregular de lixo, pois isso contribui para a prolifera\u00e7\u00e3o da doen\u00e7a. Nos \u00faltimos meses, o Demlurb, recolheu 21.080 toneladas de lixo descartados irregularmente.<\/p>\n<p>\u201cN\u00e3o adianta o cidad\u00e3o dedicar, semanalmente, dez minutos para eliminar os focos dentro de casa se ele descarta o eu lixo de forma irregular na beira do rio ou em bota-fora irregulares. Ele s\u00f3 est\u00e1 mudando o risco da doen\u00e7a de lugar\u201d, enfatiza o secret\u00e1rio de sa\u00fade, Paulo C\u00e9sar de Oliveira.<\/p>\n<p>Em caso de den\u00fancia de focos, a popula\u00e7\u00e3o poder\u00e1 entrar em contato com o n\u00famero 199, no per\u00edodo de segunda a sexta-feira, das 8h at\u00e9 \u00e0s 18h.<\/p>\n","protected":false},"excerpt":{"rendered":"<p>Na tarde dessa segunda-feira, 25, foi apresentado pela Prefeitura de Juiz de Fora (PJF), um balan\u00e7o sobre a situa\u00e7\u00e3o epidemiol\u00f3gica do munic\u00edpio, e a for\u00e7a tarefa que est\u00e1 sendo realizada. Neste ano, at\u00e9 a \u00faltima sexta-feira, 22, a Secret\u00e1ria de Sa\u00fade (SS), registrou 325 notifica\u00e7\u00f5es de aboviroses, sendo 173 casos de dengue e 144 de [&hellip;]<\/p>\n","protected":false},"author":96,"featured_media":134769,"comment_status":"closed","ping_status":"closed","sticky":false,"template":"","format":"standard","meta":{"footnotes":""},"categories":[253,436,440,262,439],"tags":[],"class_list":["post-134768","post","type-post","status-publish","format-standard","has-post-thumbnail","hentry","category-cidade","category-destaque-da-semana","category-destaques-do-dia","category-noticias","category-ultima-hora"],"_links":{"self":[{"href":"https:\/\/diarioregionaldigital.com.br\/index.php?rest_route=\/wp\/v2\/posts\/134768","targetHints":{"allow":["GET"]}}],"collection":[{"href":"https:\/\/diarioregionaldigital.com.br\/index.php?rest_route=\/wp\/v2\/posts"}],"about":[{"href":"https:\/\/diarioregionaldigital.com.br\/index.php?rest_route=\/wp\/v2\/types\/post"}],"author":[{"embeddable":true,"href":"https:\/\/diarioregionaldigital.com.br\/index.php?rest_route=\/wp\/v2\/users\/96"}],"replies":[{"embeddable":true,"href":"https:\/\/diarioregionaldigital.com.br\/index.php?rest_route=%2Fwp%2Fv2%2Fcomments&post=134768"}],"version-history":[{"count":0,"href":"https:\/\/diarioregionaldigital.com.br\/index.php?rest_route=\/wp\/v2\/posts\/134768\/revisions"}],"wp:featuredmedia":[{"embeddable":true,"href":"https:\/\/diarioregionaldigital.com.br\/index.php?rest_route=\/wp\/v2\/media\/134769"}],"wp:attachment":[{"href":"https:\/\/diarioregionaldigital.com.br\/index.php?rest_route=%2Fwp%2Fv2%2Fmedia&parent=134768"}],"wp:term":[{"taxonomy":"category","embeddable":true,"href":"https:\/\/diarioregionaldigital.com.br\/index.php?rest_route=%2Fwp%2Fv2%2Fcategories&post=134768"},{"taxonomy":"post_tag","embeddable":true,"href":"https:\/\/diarioregionaldigital.com.br\/index.php?rest_route=%2Fwp%2Fv2%2Ftags&post=134768"}],"curies":[{"name":"wp","href":"https:\/\/api.w.org\/{rel}","templated":true}]}}