{"id":134743,"date":"2019-02-26T06:00:30","date_gmt":"2019-02-26T09:00:30","guid":{"rendered":"https:\/\/diarioregionaldigital.com.br\/?p=134743"},"modified":"2019-02-25T21:57:11","modified_gmt":"2019-02-26T00:57:11","slug":"prefeitura-municipal-de-coronel-pacheco-26-02-19","status":"publish","type":"post","link":"https:\/\/diarioregionaldigital.com.br\/?p=134743","title":{"rendered":"Prefeitura Municipal de Coronel Pacheco &#8211; 26\/02\/19"},"content":{"rendered":"<p style=\"text-align: center;\"><strong>AVISO DE LICITA\u00c7\u00c3O<\/strong><\/p>\n<p style=\"text-align: center;\"><strong>Preg\u00e3o Presencial n\u00ba 011\/2019, Repeti\u00e7\u00e3o do Preg\u00e3o 001\/2019.<\/strong><\/p>\n<p style=\"text-align: center;\">O Munic\u00edpio de Coronel Pacheco, por interm\u00e9dio do Pregoeiro Municipal, torna p\u00fablico a realiza\u00e7\u00e3o de PREG\u00c3O PRESENCIAL no dia e hor\u00e1rio abaixo relacionados:<\/p>\n<p style=\"text-align: left;\"><strong>OBJETO:<\/strong> fornecimento de combust\u00edvel para abastecer a frota de ve\u00edculos e equipamentos oficiais do Munic\u00edpio de Coronel Pacheco.<\/p>\n<p style=\"text-align: left;\"><strong>ABERTURA DOS ENVELOPES:<\/strong> 11 de mar\u00e7o de 2019<\/p>\n<p style=\"text-align: left;\"><strong>HOR\u00c1RIO:<\/strong> 10:00 horas<\/p>\n<p style=\"text-align: center;\">Os interessados poder\u00e3o obter maiores informa\u00e7\u00f5es no setor de licita\u00e7\u00f5es da Prefeitura Municipal de Coronel Pacheco, com sede na Pra\u00e7a Carlos Chagas, sn\u00ba, Centro, Tel: (32) 3258-1112.<\/p>\n<p style=\"text-align: center;\"><strong>Emerson Correa Gomes<\/strong><\/p>\n<p style=\"text-align: center;\"><strong>Pregoeiro<\/strong><\/p>\n","protected":false},"excerpt":{"rendered":"<p>AVISO DE LICITA\u00c7\u00c3O Preg\u00e3o Presencial n\u00ba 011\/2019, Repeti\u00e7\u00e3o do Preg\u00e3o 001\/2019. O Munic\u00edpio de Coronel Pacheco, por interm\u00e9dio do Pregoeiro Municipal, torna p\u00fablico a realiza\u00e7\u00e3o de PREG\u00c3O PRESENCIAL no dia e hor\u00e1rio abaixo relacionados: OBJETO: fornecimento de combust\u00edvel para abastecer a frota de ve\u00edculos e equipamentos oficiais do Munic\u00edpio de Coronel Pacheco. ABERTURA DOS ENVELOPES: [&hellip;]<\/p>\n","protected":false},"author":96,"featured_media":0,"comment_status":"closed","ping_status":"closed","sticky":false,"template":"","format":"standard","meta":{"footnotes":""},"categories":[307],"tags":[],"class_list":["post-134743","post","type-post","status-publish","format-standard","hentry","category-editais"],"_links":{"self":[{"href":"https:\/\/diarioregionaldigital.com.br\/index.php?rest_route=\/wp\/v2\/posts\/134743","targetHints":{"allow":["GET"]}}],"collection":[{"href":"https:\/\/diarioregionaldigital.com.br\/index.php?rest_route=\/wp\/v2\/posts"}],"about":[{"href":"https:\/\/diarioregionaldigital.com.br\/index.php?rest_route=\/wp\/v2\/types\/post"}],"author":[{"embeddable":true,"href":"https:\/\/diarioregionaldigital.com.br\/index.php?rest_route=\/wp\/v2\/users\/96"}],"replies":[{"embeddable":true,"href":"https:\/\/diarioregionaldigital.com.br\/index.php?rest_route=%2Fwp%2Fv2%2Fcomments&post=134743"}],"version-history":[{"count":0,"href":"https:\/\/diarioregionaldigital.com.br\/index.php?rest_route=\/wp\/v2\/posts\/134743\/revisions"}],"wp:attachment":[{"href":"https:\/\/diarioregionaldigital.com.br\/index.php?rest_route=%2Fwp%2Fv2%2Fmedia&parent=134743"}],"wp:term":[{"taxonomy":"category","embeddable":true,"href":"https:\/\/diarioregionaldigital.com.br\/index.php?rest_route=%2Fwp%2Fv2%2Fcategories&post=134743"},{"taxonomy":"post_tag","embeddable":true,"href":"https:\/\/diarioregionaldigital.com.br\/index.php?rest_route=%2Fwp%2Fv2%2Ftags&post=134743"}],"curies":[{"name":"wp","href":"https:\/\/api.w.org\/{rel}","templated":true}]}}