{"id":134738,"date":"2019-02-26T06:00:40","date_gmt":"2019-02-26T09:00:40","guid":{"rendered":"https:\/\/diarioregionaldigital.com.br\/?p=134738"},"modified":"2019-02-26T16:56:31","modified_gmt":"2019-02-26T19:56:31","slug":"conquista-do-espaco","status":"publish","type":"post","link":"https:\/\/diarioregionaldigital.com.br\/?p=134738","title":{"rendered":"Conquista do Espa\u00e7o"},"content":{"rendered":"<p style=\"text-align: center;\"><strong>Verde e Rosa<\/strong><\/p>\n<p style=\"text-align: center;\">Com um enredo que fala da hist\u00f3ria do Brasil que n\u00e3o foi contada, a Mangueira supercampe\u00e3 do carnaval do Rio de Janeiro ter\u00e1 fantasias confeccionadas para o desfile na Marqu\u00eas de Sapuca\u00ed por alunos e professores de design de moda da Est\u00e1cio. As pe\u00e7as s\u00e3o para crian\u00e7as que desfilam ao lado da Velha Guarda.<\/p>\n<p style=\"text-align: center;\"><strong>Conquista do Espa\u00e7o<\/strong><\/p>\n<p style=\"text-align: center;\">Os jovens mais antenados e din\u00e2micos do estado estiveram reunidos na capital mineira, nos dias 16 e 17 de fevereiro, para um \u00fanico objetivo: a conquista do espa\u00e7o. Ao todo, 36 equipes de escolas p\u00fablicas, particulares e times de garagem participaram da etapa Minas Gerais do Torneiro Sesi de Rob\u00f3tica FLL- First Lego League, realizado no Centro Universit\u00e1rio de Belo Horizonte (Uni-BH). O tema da temporada foi Into Orbit e a equipe vencedora da competi\u00e7\u00e3o foi a Atombot, da Zona da Mata, formada por alunos do Sesi \u201cDom Bosco\u201d de S\u00e3o Jo\u00e3o del-Rei.<\/p>\n<p style=\"text-align: center;\"><strong>Visita<\/strong><\/p>\n<p style=\"text-align: center;\">O modelo pretopolitano Douglas C\u00e2ndido, que representar\u00e1 Petr\u00f3polis (RJ) no concurso Mister Brasil Tur 2019, em novembro, visitou Juiz de Fora pela primeira vez, no \u00faltimo fim de semana e circulou conhecendo o Morro do Cristo, os shoppings, a noite do Alto dos Passos, prometendo um breve retorno.<\/p>\n<p style=\"text-align: center;\"><strong>Novo Ser<\/strong><\/p>\n<p style=\"text-align: center;\">Dona cegonha aprontou de novo. Colocou na chamin\u00e9 de Suellen e Rudolf Ramos Gomes o robusto beb\u00ea Bernardo. Mais um lindo sobrinho neto para este colunista.<\/p>\n<p style=\"text-align: center;\"><strong>Dica <\/strong><\/p>\n<p style=\"text-align: center;\">\u00a0Os adornos lindos para o carnaval da By Candy. S\u00e3o tiaras, \u00f3culos, chap\u00e9us e len\u00e7os de apurad\u00edssimo bom gosto.<\/p>\n<div id=\"attachment_134731\" style=\"width: 690px\" class=\"wp-caption aligncenter\"><img loading=\"lazy\" decoding=\"async\" aria-describedby=\"caption-attachment-134731\" class=\"wp-image-134731\" src=\"https:\/\/diarioregionaldigital.com.br\/wp-content\/uploads\/2019\/02\/fotoaaa-1-e1551129009391.jpg\" alt=\"\" width=\"680\" height=\"637\" srcset=\"https:\/\/diarioregionaldigital.com.br\/wp-content\/uploads\/2019\/02\/fotoaaa-1-e1551129009391.jpg 747w, https:\/\/diarioregionaldigital.com.br\/wp-content\/uploads\/2019\/02\/fotoaaa-1-e1551129009391-300x281.jpg 300w, https:\/\/diarioregionaldigital.com.br\/wp-content\/uploads\/2019\/02\/fotoaaa-1-e1551129009391-360x337.jpg 360w\" sizes=\"auto, (max-width: 680px) 100vw, 680px\" \/><p id=\"caption-attachment-134731\" class=\"wp-caption-text\">A deslumbrante modelo Emilainy Werneck (Diamond Models) em produ\u00e7\u00e3o para baile de gala de Carnaval by Jack Nogueira<\/p><\/div>\n<div id=\"attachment_134730\" style=\"width: 690px\" class=\"wp-caption aligncenter\"><img loading=\"lazy\" decoding=\"async\" aria-describedby=\"caption-attachment-134730\" class=\"wp-image-134730\" src=\"https:\/\/diarioregionaldigital.com.br\/wp-content\/uploads\/2019\/02\/fotoaa-9-e1551128977625.jpg\" alt=\"\" width=\"680\" height=\"458\" srcset=\"https:\/\/diarioregionaldigital.com.br\/wp-content\/uploads\/2019\/02\/fotoaa-9-e1551128977625.jpg 1202w, https:\/\/diarioregionaldigital.com.br\/wp-content\/uploads\/2019\/02\/fotoaa-9-e1551128977625-300x202.jpg 300w, https:\/\/diarioregionaldigital.com.br\/wp-content\/uploads\/2019\/02\/fotoaa-9-e1551128977625-768x517.jpg 768w, https:\/\/diarioregionaldigital.com.br\/wp-content\/uploads\/2019\/02\/fotoaa-9-e1551128977625-1024x689.jpg 1024w, https:\/\/diarioregionaldigital.com.br\/wp-content\/uploads\/2019\/02\/fotoaa-9-e1551128977625-360x242.jpg 360w\" sizes=\"auto, (max-width: 680px) 100vw, 680px\" \/><p id=\"caption-attachment-134730\" class=\"wp-caption-text\">No Baile do Come Quieto, Fabinho Esteves liderando grupo de Socialites<\/p><\/div>\n<div id=\"attachment_134729\" style=\"width: 690px\" class=\"wp-caption aligncenter\"><img loading=\"lazy\" decoding=\"async\" aria-describedby=\"caption-attachment-134729\" class=\"wp-image-134729\" src=\"https:\/\/diarioregionaldigital.com.br\/wp-content\/uploads\/2019\/02\/fotoff-e1551128952346.jpg\" alt=\"\" width=\"680\" height=\"499\" srcset=\"https:\/\/diarioregionaldigital.com.br\/wp-content\/uploads\/2019\/02\/fotoff-e1551128952346.jpg 682w, https:\/\/diarioregionaldigital.com.br\/wp-content\/uploads\/2019\/02\/fotoff-e1551128952346-300x220.jpg 300w, https:\/\/diarioregionaldigital.com.br\/wp-content\/uploads\/2019\/02\/fotoff-e1551128952346-360x264.jpg 360w\" sizes=\"auto, (max-width: 680px) 100vw, 680px\" \/><p id=\"caption-attachment-134729\" class=\"wp-caption-text\">No Bloco Parangol\u00e9 Valvulado, os lindos Leandro Pereira, Fabr\u00edcio Viana, Diva Marques, Talison Vardiero e Matheus Brum<\/p><\/div>\n<div id=\"attachment_134732\" style=\"width: 690px\" class=\"wp-caption aligncenter\"><img loading=\"lazy\" decoding=\"async\" aria-describedby=\"caption-attachment-134732\" class=\"wp-image-134732\" src=\"https:\/\/diarioregionaldigital.com.br\/wp-content\/uploads\/2019\/02\/fotobb-6-e1551129058448.jpg\" alt=\"\" width=\"680\" height=\"450\" srcset=\"https:\/\/diarioregionaldigital.com.br\/wp-content\/uploads\/2019\/02\/fotobb-6-e1551129058448.jpg 830w, https:\/\/diarioregionaldigital.com.br\/wp-content\/uploads\/2019\/02\/fotobb-6-e1551129058448-300x198.jpg 300w, https:\/\/diarioregionaldigital.com.br\/wp-content\/uploads\/2019\/02\/fotobb-6-e1551129058448-768x508.jpg 768w, https:\/\/diarioregionaldigital.com.br\/wp-content\/uploads\/2019\/02\/fotobb-6-e1551129058448-360x238.jpg 360w\" sizes=\"auto, (max-width: 680px) 100vw, 680px\" \/><p id=\"caption-attachment-134732\" class=\"wp-caption-text\">No Bloco Eu e Voc\u00ea, Fabiano Garcia, Sandra Guedes e Carlos Barbosa<\/p><\/div>\n<div id=\"attachment_134733\" style=\"width: 690px\" class=\"wp-caption aligncenter\"><img loading=\"lazy\" decoding=\"async\" aria-describedby=\"caption-attachment-134733\" class=\"wp-image-134733\" src=\"https:\/\/diarioregionaldigital.com.br\/wp-content\/uploads\/2019\/02\/fotocc-2-e1551129098500.jpg\" alt=\"\" width=\"680\" height=\"475\" srcset=\"https:\/\/diarioregionaldigital.com.br\/wp-content\/uploads\/2019\/02\/fotocc-2-e1551129098500.jpg 931w, https:\/\/diarioregionaldigital.com.br\/wp-content\/uploads\/2019\/02\/fotocc-2-e1551129098500-300x210.jpg 300w, https:\/\/diarioregionaldigital.com.br\/wp-content\/uploads\/2019\/02\/fotocc-2-e1551129098500-768x536.jpg 768w, https:\/\/diarioregionaldigital.com.br\/wp-content\/uploads\/2019\/02\/fotocc-2-e1551129098500-360x251.jpg 360w, https:\/\/diarioregionaldigital.com.br\/wp-content\/uploads\/2019\/02\/fotocc-2-e1551129098500-100x70.jpg 100w\" sizes=\"auto, (max-width: 680px) 100vw, 680px\" \/><p id=\"caption-attachment-134733\" class=\"wp-caption-text\">Preparando as turbinas para o Carnaval, Joice C\u00e2ndido, Ricardo Alex, Arthur Siqueira, Larissa Ferreira e M\u00e1rcio Marques<\/p><\/div>\n<div id=\"attachment_134734\" style=\"width: 690px\" class=\"wp-caption aligncenter\"><img loading=\"lazy\" decoding=\"async\" aria-describedby=\"caption-attachment-134734\" class=\"wp-image-134734\" src=\"https:\/\/diarioregionaldigital.com.br\/wp-content\/uploads\/2019\/02\/fotod-13-e1551129232888.jpg\" alt=\"\" width=\"680\" height=\"565\" srcset=\"https:\/\/diarioregionaldigital.com.br\/wp-content\/uploads\/2019\/02\/fotod-13-e1551129232888.jpg 1168w, https:\/\/diarioregionaldigital.com.br\/wp-content\/uploads\/2019\/02\/fotod-13-e1551129232888-300x249.jpg 300w, https:\/\/diarioregionaldigital.com.br\/wp-content\/uploads\/2019\/02\/fotod-13-e1551129232888-768x638.jpg 768w, https:\/\/diarioregionaldigital.com.br\/wp-content\/uploads\/2019\/02\/fotod-13-e1551129232888-1024x850.jpg 1024w, https:\/\/diarioregionaldigital.com.br\/wp-content\/uploads\/2019\/02\/fotod-13-e1551129232888-360x299.jpg 360w\" sizes=\"auto, (max-width: 680px) 100vw, 680px\" \/><p id=\"caption-attachment-134734\" class=\"wp-caption-text\">Direto da Su\u00ed\u00e7a para esta coluna, a diva Vera Alice Tam<\/p><\/div>\n<div id=\"attachment_134735\" style=\"width: 690px\" class=\"wp-caption aligncenter\"><img loading=\"lazy\" decoding=\"async\" aria-describedby=\"caption-attachment-134735\" class=\"wp-image-134735\" src=\"https:\/\/diarioregionaldigital.com.br\/wp-content\/uploads\/2019\/02\/fotodd-e1551129294693.jpg\" alt=\"\" width=\"680\" height=\"529\" srcset=\"https:\/\/diarioregionaldigital.com.br\/wp-content\/uploads\/2019\/02\/fotodd-e1551129294693.jpg 411w, https:\/\/diarioregionaldigital.com.br\/wp-content\/uploads\/2019\/02\/fotodd-e1551129294693-300x234.jpg 300w, https:\/\/diarioregionaldigital.com.br\/wp-content\/uploads\/2019\/02\/fotodd-e1551129294693-360x280.jpg 360w\" sizes=\"auto, (max-width: 680px) 100vw, 680px\" \/><p id=\"caption-attachment-134735\" class=\"wp-caption-text\">As poderosas Celita Emiliano e Elizabeth Urgal, em ritmo de pr\u00e9-Carnaval<\/p><\/div>\n<div id=\"attachment_134736\" style=\"width: 690px\" class=\"wp-caption aligncenter\"><img loading=\"lazy\" decoding=\"async\" aria-describedby=\"caption-attachment-134736\" class=\"wp-image-134736\" src=\"https:\/\/diarioregionaldigital.com.br\/wp-content\/uploads\/2019\/02\/fotoee-e1551129319335.jpg\" alt=\"\" width=\"680\" height=\"522\" srcset=\"https:\/\/diarioregionaldigital.com.br\/wp-content\/uploads\/2019\/02\/fotoee-e1551129319335.jpg 715w, https:\/\/diarioregionaldigital.com.br\/wp-content\/uploads\/2019\/02\/fotoee-e1551129319335-300x230.jpg 300w, https:\/\/diarioregionaldigital.com.br\/wp-content\/uploads\/2019\/02\/fotoee-e1551129319335-360x276.jpg 360w\" sizes=\"auto, (max-width: 680px) 100vw, 680px\" \/><p id=\"caption-attachment-134736\" class=\"wp-caption-text\">Alessandra Barros e o super maquiador Lisandro Reis no Mega Studio (MS)<\/p><\/div>\n<p style=\"text-align: center;\"><strong>FOTOSS\u00cdNTESE<\/strong><\/p>\n<p>Carnavalescos e foli\u00f5es fantasiados estar\u00e3o enfeitando o Sal\u00e3o do Niver Show, na 5\u00aa feira, 28, para o Baile da Banda Daki. Z\u00e9 Kodak espera a turma do funil, a turma dos bocas de balde e a Banda de L\u00e1 (Benfica). \u00d4ba!<\/p>\n<p>Para o Projeto Orfeu, os alunos de gradua\u00e7\u00e3o em m\u00fasica da UFJF fizeram sele\u00e7\u00e3o de alunos para turmas de t\u00e9cnicas de canto e interpreta\u00e7\u00e3o.<\/p>\n<p>De ter\u00e7a a sexta-feira, o Museu Mariano Proc\u00f3pio oferece visitas guiadas \u00e0 galeria Maria Am\u00e1lia, sendo duas pela manh\u00e3 e duas \u00e0 tarde. Para agendar, o telefone: 3690-2027.<\/p>\n<p>At\u00e9 mar\u00e7o o Espa\u00e7o Reitoria da UFJF cede lugar para exposi\u00e7\u00e3o de artes visuais com o tema \u201cViva a Vida, Combate ao Suic\u00eddio\u201d. S\u00e3o 100 cartazes de 98 alunos dos campi Juiz de Fora e Governador Valadares da UFJF, com tem\u00e1tica na \u201cvaloriza\u00e7\u00e3o da vida\u201d.<\/p>\n<p>A semana pr\u00e9-carnavalesca vem com tudo em Juiz de Fora. No entanto, \u00e9 preciso tomar cuidado com os blocos irregulares que gritam nas redes sociais com grupos combinados. \u00c9 confus\u00e3o na certa!<\/p>\n<p>A \u00e1rea de psicologia do CES\/JF vai ofertar uma p\u00f3s-gradua\u00e7\u00e3o voltada para profissionais da sa\u00fade, como m\u00e9dicos, nutricionistas, enfermeiros, fisioterapeutas e fonoaudi\u00f3logos. A \u201cPsicologia Aplicada a Sa\u00fade\u201d vai capacitar esses professores para suas \u00e1reas de atua\u00e7\u00e3o.<\/p>\n<p>Se destacando com seu empreendedorismo na Universal Im\u00f3veis, o gerente de vendas Luciano Esteves.<\/p>\n<p>Rep\u00f3rteres e jornalistas de Juiz de Fora se esbaldaram no Bloco da Imprensa no Bar Caminho da Ro\u00e7a. Por l\u00e1, Luciany Oliveira, S\u00e1vio Duque, Julia Pess\u00f4a, Camila Saenz, Erika Salazar, Douglas Ribeiro, Renato Salles, Marise Baesso e Larissa Zimmermann.<\/p>\n<p>Hoje tem Bloco dos Servidores Municipais, \u00e0s 19h, no Parque Halfeld, \u00e0s 20h, sai o Bloco do Batom. Todos rumo ao Cal\u00e7ad\u00e3o da Halfeld.<\/p>\n<p>Para compactuar: Reserve tempo durante a semana para viver a leveza dispon\u00edvel. Bom dia.<\/p>\n<p><img loading=\"lazy\" decoding=\"async\" class=\"aligncenter size-full wp-image-133259\" src=\"https:\/\/diarioregionaldigital.com.br\/wp-content\/uploads\/2019\/02\/Fashion_6x15.jpg\" alt=\"\" width=\"3484\" height=\"1772\" srcset=\"https:\/\/diarioregionaldigital.com.br\/wp-content\/uploads\/2019\/02\/Fashion_6x15.jpg 3484w, https:\/\/diarioregionaldigital.com.br\/wp-content\/uploads\/2019\/02\/Fashion_6x15-300x153.jpg 300w, https:\/\/diarioregionaldigital.com.br\/wp-content\/uploads\/2019\/02\/Fashion_6x15-768x391.jpg 768w, https:\/\/diarioregionaldigital.com.br\/wp-content\/uploads\/2019\/02\/Fashion_6x15-1024x521.jpg 1024w, https:\/\/diarioregionaldigital.com.br\/wp-content\/uploads\/2019\/02\/Fashion_6x15-360x183.jpg 360w\" sizes=\"auto, (max-width: 3484px) 100vw, 3484px\" \/><\/p>\n<p>&nbsp;<\/p>\n<p>&nbsp;<\/p>\n","protected":false},"excerpt":{"rendered":"<p>Verde e Rosa Com um enredo que fala da hist\u00f3ria do Brasil que n\u00e3o foi contada, a Mangueira supercampe\u00e3 do carnaval do Rio de Janeiro ter\u00e1 fantasias confeccionadas para o desfile na Marqu\u00eas de Sapuca\u00ed por alunos e professores de design de moda da Est\u00e1cio. As pe\u00e7as s\u00e3o para crian\u00e7as que desfilam ao lado da [&hellip;]<\/p>\n","protected":false},"author":96,"featured_media":134731,"comment_status":"closed","ping_status":"closed","sticky":false,"template":"","format":"standard","meta":{"footnotes":""},"categories":[264],"tags":[],"class_list":["post-134738","post","type-post","status-publish","format-standard","has-post-thumbnail","hentry","category-eduardo-gomes"],"_links":{"self":[{"href":"https:\/\/diarioregionaldigital.com.br\/index.php?rest_route=\/wp\/v2\/posts\/134738","targetHints":{"allow":["GET"]}}],"collection":[{"href":"https:\/\/diarioregionaldigital.com.br\/index.php?rest_route=\/wp\/v2\/posts"}],"about":[{"href":"https:\/\/diarioregionaldigital.com.br\/index.php?rest_route=\/wp\/v2\/types\/post"}],"author":[{"embeddable":true,"href":"https:\/\/diarioregionaldigital.com.br\/index.php?rest_route=\/wp\/v2\/users\/96"}],"replies":[{"embeddable":true,"href":"https:\/\/diarioregionaldigital.com.br\/index.php?rest_route=%2Fwp%2Fv2%2Fcomments&post=134738"}],"version-history":[{"count":0,"href":"https:\/\/diarioregionaldigital.com.br\/index.php?rest_route=\/wp\/v2\/posts\/134738\/revisions"}],"wp:featuredmedia":[{"embeddable":true,"href":"https:\/\/diarioregionaldigital.com.br\/index.php?rest_route=\/wp\/v2\/media\/134731"}],"wp:attachment":[{"href":"https:\/\/diarioregionaldigital.com.br\/index.php?rest_route=%2Fwp%2Fv2%2Fmedia&parent=134738"}],"wp:term":[{"taxonomy":"category","embeddable":true,"href":"https:\/\/diarioregionaldigital.com.br\/index.php?rest_route=%2Fwp%2Fv2%2Fcategories&post=134738"},{"taxonomy":"post_tag","embeddable":true,"href":"https:\/\/diarioregionaldigital.com.br\/index.php?rest_route=%2Fwp%2Fv2%2Ftags&post=134738"}],"curies":[{"name":"wp","href":"https:\/\/api.w.org\/{rel}","templated":true}]}}