{"id":134708,"date":"2019-02-25T15:53:38","date_gmt":"2019-02-25T18:53:38","guid":{"rendered":"https:\/\/diarioregionaldigital.com.br\/?p=134708"},"modified":"2019-02-25T15:53:38","modified_gmt":"2019-02-25T18:53:38","slug":"bolsonaro-e-forcas-armadas-avaliam-situacao-na-fronteira-com-venezuela","status":"publish","type":"post","link":"https:\/\/diarioregionaldigital.com.br\/?p=134708","title":{"rendered":"Bolsonaro e For\u00e7as Armadas avaliam situa\u00e7\u00e3o na fronteira com Venezuela"},"content":{"rendered":"<p>A situa\u00e7\u00e3o na fronteira do Brasil com a Venezuela foi assunto de reuni\u00e3o nessa segunda-feira, 25, no Pal\u00e1cio do\u00a0 Planalto, entre o presidente Jair Bolsonaro, o ministro da Defesa, Fernando Azevedo e Silva, e os quatro comandantes das For\u00e7as Armadas.<\/p>\n<p>O encontro ocorreu ap\u00f3s um fim de semana de tens\u00e3o e conflitos em Pacaraima, Roraima, na fronteira\u200b do Brasil\u200b\u00a0com a Venezuela, e a tentativa frustrada de envio de ajuda humanit\u00e1ria do governo federal ao pa\u00eds vizinho, que enfrenta crise de abastecimento.<\/p>\n<p>\u200b\u00a0\u00a0\u00a0\u00a0\u00a0\u00a0\u00a0\u00a0\u00a0\u00a0\u00a0 Ao\u00a0deixar o Pal\u00e1cio do Planalto\u200b, o\u200b\u00a0chefe de Log\u00edstica e Mobiliza\u00e7\u00e3o do Ex\u00e9rcito, general Laerte de Souza Santos,\u00a0\u200bdisse que a\u00a0ajuda humanit\u00e1ria do Brasil pro\u200bssegue na fronteira, por meio da Opera\u00e7\u00e3o Acolhida\u200b. Al\u00e9m de Azevedo, estiveram na reuni\u00e3o os comandantes da Marinha, almirante Ilques Barbosa J\u00fanior; do Ex\u00e9rcito, general Edson Leal Pujol; da Aeron\u00e1utica, tenente-brigadeiro Antonio Carlos Moretti Bermudez; e do Estado-Maior Conjunto das For\u00e7as Armadas, interino, almirante Cl\u00e1udio Portugal de Viveiros.<\/p>\n<p>Enquanto isso, o vice-presidente da Rep\u00fablica, Hamilton Mour\u00e3o, e o ministro das Rela\u00e7\u00f5es Exteriores, Ernesto Ara\u00fajo, est\u00e3o em Bogot\u00e1, na Col\u00f4mbia. Eles participam de encontro do Grupo de Lima, formado por pa\u00edses das Am\u00e9ricas para tratar do acirramento da crise na Venezuela.<\/p>\n<p>Fonte: Ag\u00eancia Brasil<\/p>\n","protected":false},"excerpt":{"rendered":"<p>A situa\u00e7\u00e3o na fronteira do Brasil com a Venezuela foi assunto de reuni\u00e3o nessa segunda-feira, 25, no Pal\u00e1cio do\u00a0 Planalto, entre o presidente Jair Bolsonaro, o ministro da Defesa, Fernando Azevedo e Silva, e os quatro comandantes das For\u00e7as Armadas. O encontro ocorreu ap\u00f3s um fim de semana de tens\u00e3o e conflitos em Pacaraima, Roraima, [&hellip;]<\/p>\n","protected":false},"author":96,"featured_media":97343,"comment_status":"closed","ping_status":"closed","sticky":false,"template":"","format":"standard","meta":{"footnotes":""},"categories":[436,254,439],"tags":[],"class_list":["post-134708","post","type-post","status-publish","format-standard","has-post-thumbnail","hentry","category-destaque-da-semana","category-politica","category-ultima-hora"],"_links":{"self":[{"href":"https:\/\/diarioregionaldigital.com.br\/index.php?rest_route=\/wp\/v2\/posts\/134708","targetHints":{"allow":["GET"]}}],"collection":[{"href":"https:\/\/diarioregionaldigital.com.br\/index.php?rest_route=\/wp\/v2\/posts"}],"about":[{"href":"https:\/\/diarioregionaldigital.com.br\/index.php?rest_route=\/wp\/v2\/types\/post"}],"author":[{"embeddable":true,"href":"https:\/\/diarioregionaldigital.com.br\/index.php?rest_route=\/wp\/v2\/users\/96"}],"replies":[{"embeddable":true,"href":"https:\/\/diarioregionaldigital.com.br\/index.php?rest_route=%2Fwp%2Fv2%2Fcomments&post=134708"}],"version-history":[{"count":0,"href":"https:\/\/diarioregionaldigital.com.br\/index.php?rest_route=\/wp\/v2\/posts\/134708\/revisions"}],"wp:featuredmedia":[{"embeddable":true,"href":"https:\/\/diarioregionaldigital.com.br\/index.php?rest_route=\/wp\/v2\/media\/97343"}],"wp:attachment":[{"href":"https:\/\/diarioregionaldigital.com.br\/index.php?rest_route=%2Fwp%2Fv2%2Fmedia&parent=134708"}],"wp:term":[{"taxonomy":"category","embeddable":true,"href":"https:\/\/diarioregionaldigital.com.br\/index.php?rest_route=%2Fwp%2Fv2%2Fcategories&post=134708"},{"taxonomy":"post_tag","embeddable":true,"href":"https:\/\/diarioregionaldigital.com.br\/index.php?rest_route=%2Fwp%2Fv2%2Ftags&post=134708"}],"curies":[{"name":"wp","href":"https:\/\/api.w.org\/{rel}","templated":true}]}}