{"id":134686,"date":"2019-02-25T00:33:31","date_gmt":"2019-02-25T03:33:31","guid":{"rendered":"https:\/\/diarioregionaldigital.com.br\/?p=134686"},"modified":"2019-02-25T00:33:31","modified_gmt":"2019-02-25T03:33:31","slug":"supercopa-do-brasil-2020-cbf-cria-nova-competicao","status":"publish","type":"post","link":"https:\/\/diarioregionaldigital.com.br\/?p=134686","title":{"rendered":"Supercopa do Brasil 2020: CBF cria nova competi\u00e7\u00e3o"},"content":{"rendered":"<p>&nbsp;<\/p>\n<p><strong>Supercopa do Brasil 2020: CBF cria nova competi\u00e7\u00e3o<\/strong><\/p>\n<p>A pr\u00f3xima temporada do futebol brasileiro ser\u00e1 aberta por uma nova competi\u00e7\u00e3o: a Supercopa do Brasil. No dia 22 de janeiro de 2020, os campe\u00f5es do Brasileir\u00e3o e da Copa do Brasil de 2019 v\u00e3o se enfrentar em jogo \u00fanico e um deles j\u00e1 come\u00e7ar\u00e1 o ano com um novo trof\u00e9u em sua galeria. A novidade foi apresentada pela CBF, durante o Conselho T\u00e9cnico do Campeonato Brasileiro da S\u00e9rie A, nesta sexta-feira (22).<\/p>\n<p>O local e hor\u00e1rio da partida ser\u00e3o definidos ao longo deste ano e os torcedores campe\u00f5es j\u00e1 poder\u00e3o planejar sua presen\u00e7a no est\u00e1dio assim que seus respectivos clubes levantarem as ta\u00e7as do Brasileir\u00e3o e da Copa do Brasil. Na reuni\u00e3o com os dirigentes, o diretor executivo de Gest\u00e3o e presidente eleito da CBF, Rog\u00e9rio Caboclo, explicou tamb\u00e9m que, se algum time conquistar as duas competi\u00e7\u00f5es, a Supercopa 2020 ser\u00e1 disputada entre o campe\u00e3o da Copa do Brasil e o vice do Brasileir\u00e3o.<\/p>\n<p>A Diretoria de Competi\u00e7\u00f5es da CBF j\u00e1 estudava esse passo h\u00e1 tr\u00eas anos. Como teste do formato, criou, em 2017, a Supercopa Sub-20, duelo do campe\u00e3o do Brasileiro com o da Copa do Brasil da categoria.<\/p>\n<p>\u201cA Supercopa do Brasil representar\u00e1 mais recursos para os clubes envolvidos e vai mexer com a paix\u00e3o do torcedor. Teremos, na abertura de temporada, uma grande festa dos campe\u00f5es da temporada anterior, com um deles celebrando mais uma conquista. \u00c9 um novo produto que valoriza o futebol brasileiro, um avan\u00e7o que temos que comemorar\u201d, afirmou Rog\u00e9rio Caboclo.<\/p>\n<p><strong>Fonte: CBF<\/strong><\/p>\n","protected":false},"excerpt":{"rendered":"<p>&nbsp; Supercopa do Brasil 2020: CBF cria nova competi\u00e7\u00e3o A pr\u00f3xima temporada do futebol brasileiro ser\u00e1 aberta por uma nova competi\u00e7\u00e3o: a Supercopa do Brasil. No dia 22 de janeiro de 2020, os campe\u00f5es do Brasileir\u00e3o e da Copa do Brasil de 2019 v\u00e3o se enfrentar em jogo \u00fanico e um deles j\u00e1 come\u00e7ar\u00e1 o [&hellip;]<\/p>\n","protected":false},"author":96,"featured_media":134687,"comment_status":"closed","ping_status":"closed","sticky":false,"template":"","format":"standard","meta":{"footnotes":""},"categories":[257,439],"tags":[],"class_list":["post-134686","post","type-post","status-publish","format-standard","has-post-thumbnail","hentry","category-esporte","category-ultima-hora"],"_links":{"self":[{"href":"https:\/\/diarioregionaldigital.com.br\/index.php?rest_route=\/wp\/v2\/posts\/134686","targetHints":{"allow":["GET"]}}],"collection":[{"href":"https:\/\/diarioregionaldigital.com.br\/index.php?rest_route=\/wp\/v2\/posts"}],"about":[{"href":"https:\/\/diarioregionaldigital.com.br\/index.php?rest_route=\/wp\/v2\/types\/post"}],"author":[{"embeddable":true,"href":"https:\/\/diarioregionaldigital.com.br\/index.php?rest_route=\/wp\/v2\/users\/96"}],"replies":[{"embeddable":true,"href":"https:\/\/diarioregionaldigital.com.br\/index.php?rest_route=%2Fwp%2Fv2%2Fcomments&post=134686"}],"version-history":[{"count":0,"href":"https:\/\/diarioregionaldigital.com.br\/index.php?rest_route=\/wp\/v2\/posts\/134686\/revisions"}],"wp:featuredmedia":[{"embeddable":true,"href":"https:\/\/diarioregionaldigital.com.br\/index.php?rest_route=\/wp\/v2\/media\/134687"}],"wp:attachment":[{"href":"https:\/\/diarioregionaldigital.com.br\/index.php?rest_route=%2Fwp%2Fv2%2Fmedia&parent=134686"}],"wp:term":[{"taxonomy":"category","embeddable":true,"href":"https:\/\/diarioregionaldigital.com.br\/index.php?rest_route=%2Fwp%2Fv2%2Fcategories&post=134686"},{"taxonomy":"post_tag","embeddable":true,"href":"https:\/\/diarioregionaldigital.com.br\/index.php?rest_route=%2Fwp%2Fv2%2Ftags&post=134686"}],"curies":[{"name":"wp","href":"https:\/\/api.w.org\/{rel}","templated":true}]}}