{"id":134683,"date":"2019-02-25T00:19:48","date_gmt":"2019-02-25T03:19:48","guid":{"rendered":"https:\/\/diarioregionaldigital.com.br\/?p=134683"},"modified":"2019-02-25T00:19:48","modified_gmt":"2019-02-25T03:19:48","slug":"botafogo-e-vasco-ficam-no-1-a-1-em-primeiro-classico-da-taca-rio","status":"publish","type":"post","link":"https:\/\/diarioregionaldigital.com.br\/?p=134683","title":{"rendered":"Botafogo e Vasco ficam no 1 a 1 em primeiro cl\u00e1ssico da Ta\u00e7a Rio"},"content":{"rendered":"<p>Na estreia da Ta\u00e7a Rio, Botafogo e Vasco empataram por 1 a 1, neste s\u00e1bado, no Nilton Santos. Com o resultado, as duas equipes ficam com um ponto em seus respectivos grupos.<\/p>\n<p>O cl\u00e1ssico teve dois tempos distintos. No primeiro, o Vasco foi superior e abriu o placar com Yago Pikachu. Na etapa final, o Botafogo foi melhor e chegou ao empate com Marcelo Benevenuto.<\/p>\n<p>Na pr\u00f3xima rodada, o Vasco recebe o Boavista, em S\u00e3o janu\u00e1rio, no s\u00e1bado. No mesmo dia, o Botafogo enfrenta o Volta Redonda, no Raulino de Oliveira.<\/p>\n<p><strong>Fonte: Gazeta Press<\/strong><\/p>\n","protected":false},"excerpt":{"rendered":"<p>Na estreia da Ta\u00e7a Rio, Botafogo e Vasco empataram por 1 a 1, neste s\u00e1bado, no Nilton Santos. Com o resultado, as duas equipes ficam com um ponto em seus respectivos grupos. O cl\u00e1ssico teve dois tempos distintos. No primeiro, o Vasco foi superior e abriu o placar com Yago Pikachu. Na etapa final, o [&hellip;]<\/p>\n","protected":false},"author":96,"featured_media":134684,"comment_status":"closed","ping_status":"closed","sticky":false,"template":"","format":"standard","meta":{"footnotes":""},"categories":[257,439],"tags":[],"class_list":["post-134683","post","type-post","status-publish","format-standard","has-post-thumbnail","hentry","category-esporte","category-ultima-hora"],"_links":{"self":[{"href":"https:\/\/diarioregionaldigital.com.br\/index.php?rest_route=\/wp\/v2\/posts\/134683","targetHints":{"allow":["GET"]}}],"collection":[{"href":"https:\/\/diarioregionaldigital.com.br\/index.php?rest_route=\/wp\/v2\/posts"}],"about":[{"href":"https:\/\/diarioregionaldigital.com.br\/index.php?rest_route=\/wp\/v2\/types\/post"}],"author":[{"embeddable":true,"href":"https:\/\/diarioregionaldigital.com.br\/index.php?rest_route=\/wp\/v2\/users\/96"}],"replies":[{"embeddable":true,"href":"https:\/\/diarioregionaldigital.com.br\/index.php?rest_route=%2Fwp%2Fv2%2Fcomments&post=134683"}],"version-history":[{"count":0,"href":"https:\/\/diarioregionaldigital.com.br\/index.php?rest_route=\/wp\/v2\/posts\/134683\/revisions"}],"wp:featuredmedia":[{"embeddable":true,"href":"https:\/\/diarioregionaldigital.com.br\/index.php?rest_route=\/wp\/v2\/media\/134684"}],"wp:attachment":[{"href":"https:\/\/diarioregionaldigital.com.br\/index.php?rest_route=%2Fwp%2Fv2%2Fmedia&parent=134683"}],"wp:term":[{"taxonomy":"category","embeddable":true,"href":"https:\/\/diarioregionaldigital.com.br\/index.php?rest_route=%2Fwp%2Fv2%2Fcategories&post=134683"},{"taxonomy":"post_tag","embeddable":true,"href":"https:\/\/diarioregionaldigital.com.br\/index.php?rest_route=%2Fwp%2Fv2%2Ftags&post=134683"}],"curies":[{"name":"wp","href":"https:\/\/api.w.org\/{rel}","templated":true}]}}