{"id":134673,"date":"2019-02-23T11:43:17","date_gmt":"2019-02-23T14:43:17","guid":{"rendered":"https:\/\/diarioregionaldigital.com.br\/?p=134673"},"modified":"2019-02-23T15:56:58","modified_gmt":"2019-02-23T18:56:58","slug":"mulher-e-executada-com-dois-tiros-em-juiz-de-fora","status":"publish","type":"post","link":"https:\/\/diarioregionaldigital.com.br\/?p=134673","title":{"rendered":"Mulher \u00e9 executada com dois tiros em Juiz de Fora"},"content":{"rendered":"<p>Uma mulher de 41 anos foi executada com dois tiros na cabe\u00e7a na madruga deste s\u00e1bado, 23, no bairro Santo Ant\u00f4nio, em Juiz de Fora. Segundo as informa\u00e7\u00f5es da Pol\u00edcia Militar, o crime aconteceu na Rua da Conquista pouco antes de 1h.<\/p>\n<p>Dois homens, armados e encapuzados chegaram na casa da v\u00edtima e quebraram o vidro da porta. Ao ouvir o barulho, a v\u00edtima, que estava junto da filha de 10 anos, se aproximou quando os criminosos ordenaram que a mulher, chamando-a pelo nome, abrisse a porta e setasse no sof\u00e1. Al\u00e9m disso, ele ainda mandaram que a crian\u00e7a fosse par ao quarto.<\/p>\n<p>Ap\u00f3s a sa\u00edda da menina, a mulher foi executada com dois tiros na cabe\u00e7a. A crian\u00e7a relatou que ouviu tr\u00eas tiros no local. Ainda n\u00e3o h\u00e1 identifica\u00e7\u00f5es dos autores do crime.<\/p>\n<p>De acordo com informa\u00e7\u00f5es da PM, a mulher teria envolvimento em ocorr\u00eancia registrada no \u00faltimo dia 20, onde ela teria sido acusada de co-autoria em um caso de estupro de vulner\u00e1vel, sendo a vitima desta ocorr\u00eancia uma crian\u00e7a de tr\u00eas anos.<\/p>\n","protected":false},"excerpt":{"rendered":"<p>Uma mulher de 41 anos foi executada com dois tiros na cabe\u00e7a na madruga deste s\u00e1bado, 23, no bairro Santo Ant\u00f4nio, em Juiz de Fora. Segundo as informa\u00e7\u00f5es da Pol\u00edcia Militar, o crime aconteceu na Rua da Conquista pouco antes de 1h. Dois homens, armados e encapuzados chegaram na casa da v\u00edtima e quebraram o [&hellip;]<\/p>\n","protected":false},"author":96,"featured_media":95836,"comment_status":"closed","ping_status":"closed","sticky":false,"template":"","format":"standard","meta":{"footnotes":""},"categories":[301,436,440,439],"tags":[],"class_list":["post-134673","post","type-post","status-publish","format-standard","has-post-thumbnail","hentry","category-artigos-policiais","category-destaque-da-semana","category-destaques-do-dia","category-ultima-hora"],"_links":{"self":[{"href":"https:\/\/diarioregionaldigital.com.br\/index.php?rest_route=\/wp\/v2\/posts\/134673","targetHints":{"allow":["GET"]}}],"collection":[{"href":"https:\/\/diarioregionaldigital.com.br\/index.php?rest_route=\/wp\/v2\/posts"}],"about":[{"href":"https:\/\/diarioregionaldigital.com.br\/index.php?rest_route=\/wp\/v2\/types\/post"}],"author":[{"embeddable":true,"href":"https:\/\/diarioregionaldigital.com.br\/index.php?rest_route=\/wp\/v2\/users\/96"}],"replies":[{"embeddable":true,"href":"https:\/\/diarioregionaldigital.com.br\/index.php?rest_route=%2Fwp%2Fv2%2Fcomments&post=134673"}],"version-history":[{"count":0,"href":"https:\/\/diarioregionaldigital.com.br\/index.php?rest_route=\/wp\/v2\/posts\/134673\/revisions"}],"wp:featuredmedia":[{"embeddable":true,"href":"https:\/\/diarioregionaldigital.com.br\/index.php?rest_route=\/wp\/v2\/media\/95836"}],"wp:attachment":[{"href":"https:\/\/diarioregionaldigital.com.br\/index.php?rest_route=%2Fwp%2Fv2%2Fmedia&parent=134673"}],"wp:term":[{"taxonomy":"category","embeddable":true,"href":"https:\/\/diarioregionaldigital.com.br\/index.php?rest_route=%2Fwp%2Fv2%2Fcategories&post=134673"},{"taxonomy":"post_tag","embeddable":true,"href":"https:\/\/diarioregionaldigital.com.br\/index.php?rest_route=%2Fwp%2Fv2%2Ftags&post=134673"}],"curies":[{"name":"wp","href":"https:\/\/api.w.org\/{rel}","templated":true}]}}