{"id":134631,"date":"2022-03-20T00:00:51","date_gmt":"2022-03-20T03:00:51","guid":{"rendered":"https:\/\/diarioregionaldigital.com.br\/?p=134631"},"modified":"2022-03-18T22:09:12","modified_gmt":"2022-03-19T01:09:12","slug":"somente-a-criacao-de-verdadeiros-valores-proporciona-a-felicidade-3","status":"publish","type":"post","link":"https:\/\/diarioregionaldigital.com.br\/?p=134631","title":{"rendered":"Somente a Cria\u00e7\u00e3o de Verdadeiros Valores Proporciona a Felicidade"},"content":{"rendered":"<p style=\"text-align: center;\"><strong>Somente a Cria\u00e7\u00e3o de Verdadeiros Valores Proporciona a Felicidade <\/strong><\/p>\n<p style=\"text-align: center;\">\u00c9 somente atrav\u00e9s da cria\u00e7\u00e3o de verdadeiros valores, com esfor\u00e7o e dedica\u00e7\u00e3o, que a sociedade e os indiv\u00edduos prosperam e se tornam felizes. N\u00e3o produzir nada e procurar desfrutar o que os outros produziram \u2013 isto \u00e9 explora\u00e7\u00e3o. N\u00e3o s\u00e3o somente os capitalistas que exploram; os trabalhadores tamb\u00e9m exploram os semelhantes quando, utilizando a for\u00e7a da uni\u00e3o, pressionam a sociedade a fim de obter regalias sem o devido merecimento. Os capitalistas que trabalham para criar novos valores, fazendo projetos, realizando inova\u00e7\u00f5es, incentivando empreendimentos etc., n\u00e3o est\u00e3o explorando os outros, pois est\u00e3o gerando lucros para todos; se enriquecem \u00e9 porque o seu esfor\u00e7o pessoal retoma em forma de lucros. Num sentido literal, o capitalista e o prolet\u00e1rio tanto podem ser exploradores como tamb\u00e9m explorados. Classificar os homens apenas em capitalistas e prolet\u00e1rios, suscitando antagonismo e conflitos, \u00e9 distorcer a quest\u00e3o social. Enquanto n\u00e3o se corrigir essa distor\u00e7\u00e3o, nenhum problema relacionado \u00e0 produ\u00e7\u00e3o e ao sal\u00e1rio ter\u00e1 uma solu\u00e7\u00e3o satisfat\u00f3ria; movimentos norteados por uma vis\u00e3o distorcida s\u00f3 aumentar\u00e3o o problema, diminuindo a produ\u00e7\u00e3o e colocando em crise a economia do pa\u00eds. Obter mais lucros produzindo menos \u2013 com esse tipo de pensamento, n\u00e3o se pode conduzir o pa\u00eds para a verdadeira prosperidade. Somente pela produ\u00e7\u00e3o de valores o pa\u00eds prospera \u2013 \u00e9 preciso que os jovens se conscientizem dessa verdade fundamental.<br \/>\nQuando comparamos o desenvolvimento econ\u00f4mico do p\u00f3s-guerra do Jap\u00e3o com o de outros pa\u00edses, notamos que alguns est\u00e3o progredindo mais que o Jap\u00e3o e que suas exporta\u00e7\u00f5es s\u00e3o ativas porque eles procuram solucionar os problemas entre empregados e empregadores por meio de conversa\u00e7\u00f5es, e n\u00e3o de greves. No Jap\u00e3o, como h\u00e1 muitos oper\u00e1rios que procuram ganhar mais trabalhando menos, o total da produ\u00e7\u00e3o diminui, o pre\u00e7o sobe e a infla\u00e7\u00e3o proporciona maiores lucros aos grandes capitalistas; assim, o movimento anti capitalista tem efeito contr\u00e1rio e fortalece ainda mais os grandes capitalistas*.<\/p>\n<p style=\"text-align: center;\"><strong>O bom Trabalho prospera e o mau trabalho fracassa<\/strong><br \/>\nTempos atr\u00e1s, um adepto da Seicho-No-Ie tinha uma estamparia de tecidos. Sua f\u00e1brica prosperou logo ap\u00f3s a guerra e seu capital de giro chegou a atingir 50 milh\u00f5es de ienes. Ele tinha como princ\u00edpio administrativo da sua ind\u00fastria a honestidade. Quando um cliente fazia a encomenda e pediu para esticar o tecido o mais que pudesse na secagem ap\u00f3s tingi-lo ou estamp\u00e1-lo, de modo a obter maior metragem, o dono da estamparia n\u00e3o atendia a esse tipo de apelo e fornecia o tecido submetido ao processo de pr\u00e9-encolhimento. Houve \u00e9poca em que as encomendas diminu\u00edram por causa disso, mas aos poucos esta postura honesta passou a atrair muitos fregueses e a estamparia se transformou numa grande empresa.<br \/>\nCerto dia, essa pessoa ofereceu-me amostras de tecidos para roupas de ver\u00e3o destinados \u00e0 exporta\u00e7\u00e3o para pa\u00edses do Sul. Eram tecidos estampados de cores vivas como vermelho, amarelo, verde, bem ao gosto dos habitantes do Sul. Perguntei-lhe: \u201cN\u00e3o desbota ao lavar?\u201d, e ele me respondeu: \u201cDesbota\u201d. Fiquei perplexo e repeti a pergunta, ao que ele disse: \u201cDesbota, porque tecidos s\u00e3o destinados aos nativos do Sul e, segundo o Minist\u00e9rio de Com\u00e9rcio Exterior, eles n\u00e3o costumam trocar a roupa para lavar, e portanto, disseram que \u00e9 melhor assim\u201d. Ouvindo isso, senti qua algo estava errado. Mesmo que n\u00e3o lavassem as roupas para utiliz\u00e1-las, no Sul faz muito calor e os nativos deveriam transpirar muito e poderiam ent\u00e3o ficar com a pele manchada pelas cores que desbotassem do tecido. Meu receio se confirmou, e mais tarde o contrato de exporta\u00e7\u00e3o maci\u00e7a de tecidos destinados ao Sul foi desfeito, \u00e9 claro que a culpa n\u00e3o coube apenas \u00e0quela estamparia, mas houve quebra nos pre\u00e7os dos tecidos, e a f\u00e1brica foi incorporada por uma empresa de maior porte.<\/p>\n","protected":false},"excerpt":{"rendered":"<p>Somente a Cria\u00e7\u00e3o de Verdadeiros Valores Proporciona a Felicidade \u00c9 somente atrav\u00e9s da cria\u00e7\u00e3o de verdadeiros valores, com esfor\u00e7o e dedica\u00e7\u00e3o, que a sociedade e os indiv\u00edduos prosperam e se tornam felizes. N\u00e3o produzir nada e procurar desfrutar o que os outros produziram \u2013 isto \u00e9 explora\u00e7\u00e3o. N\u00e3o s\u00e3o somente os capitalistas que exploram; os [&hellip;]<\/p>\n","protected":false},"author":96,"featured_media":0,"comment_status":"closed","ping_status":"closed","sticky":false,"template":"","format":"standard","meta":{"footnotes":""},"categories":[263],"tags":[],"class_list":["post-134631","post","type-post","status-publish","format-standard","hentry","category-jane-aragao"],"_links":{"self":[{"href":"https:\/\/diarioregionaldigital.com.br\/index.php?rest_route=\/wp\/v2\/posts\/134631","targetHints":{"allow":["GET"]}}],"collection":[{"href":"https:\/\/diarioregionaldigital.com.br\/index.php?rest_route=\/wp\/v2\/posts"}],"about":[{"href":"https:\/\/diarioregionaldigital.com.br\/index.php?rest_route=\/wp\/v2\/types\/post"}],"author":[{"embeddable":true,"href":"https:\/\/diarioregionaldigital.com.br\/index.php?rest_route=\/wp\/v2\/users\/96"}],"replies":[{"embeddable":true,"href":"https:\/\/diarioregionaldigital.com.br\/index.php?rest_route=%2Fwp%2Fv2%2Fcomments&post=134631"}],"version-history":[{"count":1,"href":"https:\/\/diarioregionaldigital.com.br\/index.php?rest_route=\/wp\/v2\/posts\/134631\/revisions"}],"predecessor-version":[{"id":192239,"href":"https:\/\/diarioregionaldigital.com.br\/index.php?rest_route=\/wp\/v2\/posts\/134631\/revisions\/192239"}],"wp:attachment":[{"href":"https:\/\/diarioregionaldigital.com.br\/index.php?rest_route=%2Fwp%2Fv2%2Fmedia&parent=134631"}],"wp:term":[{"taxonomy":"category","embeddable":true,"href":"https:\/\/diarioregionaldigital.com.br\/index.php?rest_route=%2Fwp%2Fv2%2Fcategories&post=134631"},{"taxonomy":"post_tag","embeddable":true,"href":"https:\/\/diarioregionaldigital.com.br\/index.php?rest_route=%2Fwp%2Fv2%2Ftags&post=134631"}],"curies":[{"name":"wp","href":"https:\/\/api.w.org\/{rel}","templated":true}]}}